{"id":9148,"date":"2026-03-17T19:27:55","date_gmt":"2026-03-17T16:27:55","guid":{"rendered":"https:\/\/kolektifmucadele1.org\/?p=9148"},"modified":"2026-03-17T19:32:08","modified_gmt":"2026-03-17T16:32:08","slug":"16-mart-katliami-unutmadik-unutturmayacagiz-yusuf-ozmen","status":"publish","type":"post","link":"https:\/\/kolektifmucadele1.org\/index.php\/2026\/03\/17\/16-mart-katliami-unutmadik-unutturmayacagiz-yusuf-ozmen\/","title":{"rendered":"16 Mart Katliam\u0131: Unutmad\u0131k, Unutturmayaca\u011f\u0131z-Yusuf \u00d6zmen"},"content":{"rendered":"\n<p>16 Mart 1978 g\u00fcn\u00fc, saat 13.30\u2019da Beyaz\u0131t Meydan\u0131\u2019nda patlayan bomba ve ard\u0131ndan a\u00e7\u0131lan ate\u015f sonucu 7 devrimci gen\u00e7 ya\u015fam\u0131n\u0131 yitirdi, 60\u2019tan fazlas\u0131 yaraland\u0131. Hatice \u00d6zen, Baki Ekiz, Cemil S\u00f6nmez, Abdullah \u015eim\u015fek, Murat Kurt, Hamdi Ak\u0131l ve Turan \u00d6ren; fa\u015fizmin hedef ald\u0131\u011f\u0131 bu \u00fclkenin ayd\u0131nl\u0131k y\u00fczleri olarak tarihe kaz\u0131nd\u0131. Bu katliam, 1970\u2019li y\u0131llarda T\u00fcrkiye\u2019de sistematik bi\u00e7imde t\u0131rmand\u0131r\u0131lan fa\u015fist ter\u00f6r\u00fcn en a\u00e7\u0131k ve en kanl\u0131 \u00f6rneklerinden biri oldu. Emperyalizmin deste\u011fi ve y\u00f6nlendirmesiyle \u00f6rg\u00fctlenen kontrgerilla yap\u0131lar\u0131, sivil fa\u015fist \u00e7eteleri e\u011fitip silahland\u0131rarak \u00fcniversitelerden mahallelere, fabrikalardan k\u00f6ylere kadar toplumun her alan\u0131nda bir korku ve sindirme politikas\u0131 uygulamaya koydu. Kahvehaneler fa\u015fist \u00fcs haline getirildi, mahalle giri\u015fleri denetim alt\u0131na al\u0131nd\u0131, grevler bast\u0131r\u0131ld\u0131, direni\u015f\u00e7i i\u015f\u00e7iler katledildi ve devrimci gen\u00e7lik do\u011frudan hedef haline getirildi. Fa\u015fist ter\u00f6r bilin\u00e7li olarak g\u00fcndelik ya\u015fam\u0131n bir par\u00e7as\u0131 haline getirilmek istendi.<\/p>\n\n\n\n<p>\u0130stanbul \u00dcniversitesi, sahip oldu\u011fu \u00f6\u011frenci potansiyeli ve toplumsal etkisi nedeniyle bu sald\u0131r\u0131lar\u0131n merkezlerinden biri haline getirildi. Devletin a\u00e7\u0131k deste\u011fini arkas\u0131na alan sivil fa\u015fist g\u00fc\u00e7ler, Beyaz\u0131t \u00e7evresinde \u00f6rg\u00fctlenerek \u00fcniversiteyi denetim alt\u0131na almaya \u00e7al\u0131\u015ft\u0131. Ancak kar\u015f\u0131lar\u0131nda teslim olmayan, geri \u00e7ekilmeyen bir devrimci gen\u00e7lik vard\u0131. T\u00fcm sald\u0131r\u0131lara ra\u011fmen \u00fcniversitelerine sahip \u00e7\u0131kan, e\u011fitim haklar\u0131n\u0131 savunan ve fa\u015fist i\u015fgalleri k\u0131rmak i\u00e7in \u00f6rg\u00fctlenen gen\u00e7lik, fa\u015fizmin planlar\u0131n\u0131 bo\u015fa d\u00fc\u015f\u00fcrmeye ba\u015flad\u0131. \u0130\u015fte bu direni\u015f kar\u015f\u0131s\u0131nda, g\u00f6zda\u011f\u0131 vermek ve y\u00fckselen m\u00fccadeleyi k\u0131rmak amac\u0131yla 16 Mart Katliam\u0131 planland\u0131 ve hayata ge\u00e7irildi.<\/p>\n\n\n\n<p>Katliam g\u00fcn\u00fc, \u00fcniversiteden \u00e7\u0131kan sol g\u00f6r\u00fc\u015fl\u00fc \u00f6\u011frencilerin g\u00fcvenli \u00e7\u0131k\u0131\u015f yollar\u0131 kapat\u0131ld\u0131, bilin\u00e7li bir y\u00f6nlendirmeyle sald\u0131r\u0131n\u0131n ger\u00e7ekle\u015fece\u011fi noktaya s\u00fcr\u00fcld\u00fcler. Ard\u0131ndan bomba at\u0131ld\u0131 ve silahlarla tarand\u0131lar. Sald\u0131rganlar ise hi\u00e7bir engelle kar\u015f\u0131la\u015fmadan olay yerinden uzakla\u015ft\u0131r\u0131ld\u0131. Bu durum, ya\u015fananlar\u0131n bir \u201c\u00e7at\u0131\u015fma\u201d ya da \u201ckontrols\u00fcz olay\u201d de\u011fil, do\u011frudan planl\u0131 bir katliam oldu\u011funu a\u00e7\u0131k\u00e7a ortaya koymaktad\u0131r. Nitekim katliamdan g\u00fcnler \u00f6nce bomba at\u0131laca\u011f\u0131na dair istihbarat\u0131n devletin ilgili birimlerine ula\u015ft\u0131r\u0131lm\u0131\u015f olmas\u0131, buna ra\u011fmen hi\u00e7bir \u00f6nlem al\u0131nmamas\u0131, aksine sald\u0131r\u0131n\u0131n ger\u00e7ekle\u015fmesine zemin haz\u0131rlanmas\u0131 bu ger\u00e7e\u011fi daha da netle\u015ftirmektedir.<\/p>\n\n\n\n<p>Bu katliam, yaln\u0131zca Beyaz\u0131t Meydan\u0131\u2019nda ya\u015fanan bir sald\u0131r\u0131 de\u011fil; ayn\u0131 d\u00f6nemde ger\u00e7ekle\u015fen 1 May\u0131s 1977 Taksim katliam\u0131, Mara\u015f, \u00c7orum ve Sivas katliamlar\u0131yla birlikte d\u00fc\u015f\u00fcn\u00fcld\u00fc\u011f\u00fcnde, devlet destekli bir ter\u00f6r stratejisinin par\u00e7as\u0131d\u0131r. Ama\u00e7, emek\u00e7i halk\u0131 korkutmak, devrimci hareketi bast\u0131rmak ve toplumu depolitize ederek fa\u015fist bir d\u00fczeni kal\u0131c\u0131 hale getirmektir. Bu s\u00fcre\u00e7te katliamlar\u0131 ger\u00e7ekle\u015ftirenler korunmu\u015f, kollanm\u0131\u015f, hatta \u00f6d\u00fcllendirilmi\u015f; ger\u00e7ek sorumlular ise hi\u00e7bir zaman yarg\u0131lanmam\u0131\u015ft\u0131r.<\/p>\n\n\n\n<p>Aradan y\u0131llar ge\u00e7mi\u015f olmas\u0131na ra\u011fmen 16 Mart Katliam\u0131\u2019n\u0131n ger\u00e7ek failleri halk\u0131n haf\u0131zas\u0131nda. \u00c7\u00fcnk\u00fc bu t\u00fcr katliamlar yaln\u0131zca ge\u00e7mi\u015fte kalm\u0131\u015f olaylar de\u011fil, ayn\u0131 zamanda birer tarihsel ders ve m\u00fccadele \u00e7a\u011fr\u0131s\u0131d\u0131r. 16 Mart, fa\u015fizmin karanl\u0131\u011f\u0131n\u0131 oldu\u011fu kadar ona kar\u015f\u0131 direnenlerin kararl\u0131l\u0131\u011f\u0131n\u0131 da simgeler. Devrimci gen\u00e7li\u011fin t\u00fcm bask\u0131lara ra\u011fmen geri ad\u0131m atmayan iradesi, bug\u00fcn h\u00e2l\u00e2 bu topraklarda s\u00fcren e\u015fitlik ve \u00f6zg\u00fcrl\u00fck m\u00fccadelesine \u0131\u015f\u0131k tutmaktad\u0131r.<\/p>\n\n\n\n<p>Bug\u00fcn de a\u00e7\u0131k olan ger\u00e7ek \u015fudur: Emek\u00e7i halklara y\u00f6nelen bask\u0131 ve \u015fiddetin kayna\u011f\u0131 sistemlidir ve bu sistem de\u011fi\u015fmeden adalet sa\u011flanamaz. Ancak tarih g\u00f6stermi\u015ftir ki, hi\u00e7bir bask\u0131 d\u00fczeni sonsuza kadar s\u00fcrmez. 16 Mart\u2019ta ya\u015fam\u0131n\u0131 yitirenler, yaln\u0131zca birer kay\u0131p de\u011fil, ayn\u0131 zamanda bir m\u00fccadele miras\u0131d\u0131r. Onlar\u0131n an\u0131s\u0131, bu topraklarda adalet, \u00f6zg\u00fcrl\u00fck ve e\u015fitlik m\u00fccadelesi s\u00fcrd\u00fck\u00e7e ya\u015famaya devam edecektir. Unutmad\u0131k, unutturmayaca\u011f\u0131z.<\/p>\n\n\n\n<figure class=\"wp-block-image size-full\"><img loading=\"lazy\" decoding=\"async\" width=\"690\" height=\"425\" src=\"https:\/\/kolektifmucadele1.org\/wp-content\/uploads\/2026\/03\/beyazit2.jpg\" alt=\"\" class=\"wp-image-9151\"\/><\/figure>\n<\/p>","protected":false},"excerpt":{"rendered":"<p>16 Mart 1978 g\u00fcn\u00fc, saat 13.30\u2019da Beyaz\u0131t&#46;&#46;&#46;<\/p>\n","protected":false},"author":3,"featured_media":9150,"comment_status":"closed","ping_status":"closed","sticky":false,"template":"","format":"standard","meta":{"footnotes":""},"categories":[29,70],"tags":[],"manset":[],"class_list":["post-9148","post","type-post","status-publish","format-standard","has-post-thumbnail","hentry","category-manset","category-yusuf-ozmen"],"amp_enabled":true,"_links":{"self":[{"href":"https:\/\/kolektifmucadele1.org\/index.php\/wp-json\/wp\/v2\/posts\/9148","targetHints":{"allow":["GET"]}}],"collection":[{"href":"https:\/\/kolektifmucadele1.org\/index.php\/wp-json\/wp\/v2\/posts"}],"about":[{"href":"https:\/\/kolektifmucadele1.org\/index.php\/wp-json\/wp\/v2\/types\/post"}],"author":[{"embeddable":true,"href":"https:\/\/kolektifmucadele1.org\/index.php\/wp-json\/wp\/v2\/users\/3"}],"replies":[{"embeddable":true,"href":"https:\/\/kolektifmucadele1.org\/index.php\/wp-json\/wp\/v2\/comments?post=9148"}],"version-history":[{"count":2,"href":"https:\/\/kolektifmucadele1.org\/index.php\/wp-json\/wp\/v2\/posts\/9148\/revisions"}],"predecessor-version":[{"id":9153,"href":"https:\/\/kolektifmucadele1.org\/index.php\/wp-json\/wp\/v2\/posts\/9148\/revisions\/9153"}],"wp:featuredmedia":[{"embeddable":true,"href":"https:\/\/kolektifmucadele1.org\/index.php\/wp-json\/wp\/v2\/media\/9150"}],"wp:attachment":[{"href":"https:\/\/kolektifmucadele1.org\/index.php\/wp-json\/wp\/v2\/media?parent=9148"}],"wp:term":[{"taxonomy":"category","embeddable":true,"href":"https:\/\/kolektifmucadele1.org\/index.php\/wp-json\/wp\/v2\/categories?post=9148"},{"taxonomy":"post_tag","embeddable":true,"href":"https:\/\/kolektifmucadele1.org\/index.php\/wp-json\/wp\/v2\/tags?post=9148"},{"taxonomy":"manset","embeddable":true,"href":"https:\/\/kolektifmucadele1.org\/index.php\/wp-json\/wp\/v2\/manset?post=9148"}],"curies":[{"name":"wp","href":"https:\/\/api.w.org\/{rel}","templated":true}]}}