{"id":915,"date":"2023-03-21T07:16:45","date_gmt":"2023-03-21T04:16:45","guid":{"rendered":"https:\/\/kolektifmucadele.org\/2023\/03\/21\/somalide-43-bin-kisi-kurakliktan-oldu\/"},"modified":"2023-03-21T07:16:45","modified_gmt":"2023-03-21T04:16:45","slug":"somalide-43-bin-kisi-kurakliktan-oldu","status":"publish","type":"post","link":"https:\/\/kolektifmucadele1.org\/index.php\/2023\/03\/21\/somalide-43-bin-kisi-kurakliktan-oldu\/","title":{"rendered":"SOMAL\u0130&#8217;DE 43 B\u0130N K\u0130\u015e\u0130 KURAKLIKTAN \u00d6LD\u00dc"},"content":{"rendered":"\n<p>DS\u00d6 ve Somali Sa\u011fl\u0131k Bakanl\u0131\u011f\u0131, Do\u011fu Afrika \u00fclkesi Somali&#8217;de ya\u015fanan kurakl\u0131k hakk\u0131nda bir rapor haz\u0131rlad\u0131. Rapor, 2022&#8217;de kurakl\u0131\u011f\u0131n yol a\u00e7t\u0131\u011f\u0131 a\u00e7l\u0131k ve sa\u011fl\u0131k sorunlar\u0131ndan \u00f6t\u00fcr\u00fc yakla\u015f\u0131k 43 bin ki\u015finin ya\u015fam\u0131n\u0131 yitirmi\u015f olabilece\u011fini g\u00f6sterdi.<\/p>\n\n\n\n<p><em>US News haber<\/em>&nbsp;sitesinin aktard\u0131\u011f\u0131na g\u00f6re, Somali&#8217;de hayat\u0131n\u0131 kaybedenlerin yar\u0131s\u0131n\u0131n 5 ya\u015f alt\u0131 \u00e7ocuklar oldu\u011funu ortaya koyan rapor, \u00fclkedeki kurakl\u0131\u011f\u0131n sebep oldu\u011fu can kayb\u0131na ili\u015fkin yay\u0131nlanan ilk resmi rapor olma \u00f6zelli\u011fi ta\u015f\u0131yor.<\/p>\n\n\n\n<h3 class=\"wp-block-heading\">\u201c2023&#8217;\u00fcn ilk 6 ay\u0131nda en az 18 bin ki\u015fi ya\u015fam\u0131n\u0131 yitirebilir\u201d<\/h3>\n\n\n\n<p>DS\u00d6 ve Somali Sa\u011fl\u0131k Bakanl\u0131\u011f\u0131&#8217;n\u0131n raporunda, \u201cEtiyopya ve Kenya ile birlikte be\u015f d\u00f6nemdir ya\u011fmur mevsiminde ya\u011f\u0131\u015f alamayan&nbsp;Somali&#8217;deki kurakl\u0131k krizinin bitmekten uzak oldu\u011fu ve durumun 2017-2018 kurakl\u0131\u011f\u0131ndan daha k\u00f6t\u00fc oldu\u011fu\u201d bilgisi payla\u015f\u0131ld\u0131. Bu y\u0131l \u201cdurumun&nbsp;daha k\u00f6t\u00fc olabilece\u011fine\u201d i\u015faret eden rapor, kurakl\u0131k nedeniyle Somali&#8217;de 2023 y\u0131l\u0131n\u0131n ilk yar\u0131s\u0131nda en az 18 bin ki\u015finin hayat\u0131n\u0131 kaybedece\u011finin tahmin edildi\u011fini kaydetti.&nbsp;<\/p>\n\n\n\n<p>BM, kurakl\u0131k sebebiyle milyonlarca \u00e7iftlik hayvan\u0131n\u0131n hayat\u0131n\u0131 kaybetti\u011fi Somali&#8217;de 3,8 milyon ki\u015finin yerinden edildi\u011fini tahmin ediyor. \u015eubat 2023&#8217;te yay\u0131nlanan bir g\u0131da g\u00fcvenli\u011fi ara\u015ft\u0131rmas\u0131 ise yakla\u015f\u0131k 500 bin \u00e7ocu\u011fun bu sene \u201c\u015fiddetli yetersiz beslenme\u201d ya\u015fayaca\u011f\u0131 tahminini payla\u015ft\u0131.<\/p>\n","protected":false},"excerpt":{"rendered":"<p>DS\u00d6 ve Somali Sa\u011fl\u0131k Bakanl\u0131\u011f\u0131, Do\u011fu Afrika&#46;&#46;&#46;<\/p>\n","protected":false},"author":1,"featured_media":914,"comment_status":"closed","ping_status":"open","sticky":false,"template":"","format":"standard","meta":{"footnotes":""},"categories":[11,5],"tags":[],"manset":[],"class_list":["post-915","post","type-post","status-publish","format-standard","has-post-thumbnail","hentry","category-dunya","category-etkinlikler"],"amp_enabled":true,"_links":{"self":[{"href":"https:\/\/kolektifmucadele1.org\/index.php\/wp-json\/wp\/v2\/posts\/915","targetHints":{"allow":["GET"]}}],"collection":[{"href":"https:\/\/kolektifmucadele1.org\/index.php\/wp-json\/wp\/v2\/posts"}],"about":[{"href":"https:\/\/kolektifmucadele1.org\/index.php\/wp-json\/wp\/v2\/types\/post"}],"author":[{"embeddable":true,"href":"https:\/\/kolektifmucadele1.org\/index.php\/wp-json\/wp\/v2\/users\/1"}],"replies":[{"embeddable":true,"href":"https:\/\/kolektifmucadele1.org\/index.php\/wp-json\/wp\/v2\/comments?post=915"}],"version-history":[{"count":0,"href":"https:\/\/kolektifmucadele1.org\/index.php\/wp-json\/wp\/v2\/posts\/915\/revisions"}],"wp:featuredmedia":[{"embeddable":true,"href":"https:\/\/kolektifmucadele1.org\/index.php\/wp-json\/wp\/v2\/media\/914"}],"wp:attachment":[{"href":"https:\/\/kolektifmucadele1.org\/index.php\/wp-json\/wp\/v2\/media?parent=915"}],"wp:term":[{"taxonomy":"category","embeddable":true,"href":"https:\/\/kolektifmucadele1.org\/index.php\/wp-json\/wp\/v2\/categories?post=915"},{"taxonomy":"post_tag","embeddable":true,"href":"https:\/\/kolektifmucadele1.org\/index.php\/wp-json\/wp\/v2\/tags?post=915"},{"taxonomy":"manset","embeddable":true,"href":"https:\/\/kolektifmucadele1.org\/index.php\/wp-json\/wp\/v2\/manset?post=915"}],"curies":[{"name":"wp","href":"https:\/\/api.w.org\/{rel}","templated":true}]}}