{"id":926,"date":"2023-03-25T01:51:05","date_gmt":"2023-03-24T22:51:05","guid":{"rendered":"https:\/\/kolektifmucadele.org\/2023\/03\/25\/izmirde-avukatlardan-aciklama\/"},"modified":"2023-03-25T01:51:05","modified_gmt":"2023-03-24T22:51:05","slug":"izmirde-avukatlardan-aciklama","status":"publish","type":"post","link":"https:\/\/kolektifmucadele1.org\/index.php\/2023\/03\/25\/izmirde-avukatlardan-aciklama\/","title":{"rendered":"\u0130ZM\u0130R&#8217;DE AVUKATLARDAN A\u00c7IKLAMA"},"content":{"rendered":"\n<p>\u00c7HD, \u00d6HD ve \u0130HD \u0130zmir \u015eubeleri \u0130zmir Newroz\u2019un da g\u00f6zalt\u0131lar\u0131 takip etmek i\u00e7in TEM \u015eubeye giden avukatlar\u0131n darp edilmesi ve m\u00fcvekkilleriyle g\u00f6r\u00fc\u015fmelerinin engellenmeye \u00e7al\u0131\u015fmas\u0131n\u0131 yapt\u0131klar\u0131 bas\u0131n toplant\u0131s\u0131 ile protesto etti.<\/p>\n\n\n\n<p>\u00c7HD\u2019de ger\u00e7ekle\u015ftirilen bas\u0131n toplant\u0131s\u0131nda avukatlar ya\u015fad\u0131klar\u0131n\u0131 kamuoyuna payla\u015ft\u0131.<\/p>\n\n\n\n<p>Bas\u0131n a\u00e7\u0131klamas\u0131n\u0131 \u00c7HD y\u00f6netiminden Av. Tu\u011f\u00e7e Nazl\u0131 Ak\u0131n okudu. A\u00e7\u0131klamada \u015funlar ifade edildi:<\/p>\n\n\n\n<blockquote class=\"wp-block-quote is-layout-flow wp-block-quote-is-layout-flow\">\n<p>\u201c19 Mart Pazar g\u00fcn\u00fc Newroz kutlamalar\u0131 esnas\u0131nda yap\u0131lan polis m\u00fcdahalesi sonucu \u00fc\u00e7 ki\u015fi g\u00f6zalt\u0131na al\u0131nm\u0131\u015f ve sa\u011fl\u0131k kontrol\u00fc akabinde ifadeleri al\u0131nmak \u00fczere \u00c7ankaya TEM \u015eubeye g\u00f6t\u00fcr\u00fclm\u00fc\u015flerdir. M\u00fcvekkilleri ile g\u00f6r\u00fc\u015ferek ifade i\u015flemleri i\u00e7in m\u00fcvekkillerinin yanlar\u0131na giden \u00fcye meslekta\u015flar\u0131m\u0131z \u015eube \u00f6n\u00fcnde kimliklerini ibraz ederek orada beklemekte olan kollu\u011fa ifade i\u015flemleri i\u00e7in geldiklerini beyan etmi\u015flerdir. Ancak kolluk ilk a\u015famada protokol kar\u015f\u0131layaca\u011f\u0131n\u0131 bu nedenle avukatlar\u0131n i\u00e7eri al\u0131nmayaca\u011f\u0131n\u0131 ifade etmi\u015ftir. Bunun \u00fczerine g\u00f6revlerinin engellenemeyece\u011fini ve ifade i\u015flemlerine kat\u0131lmalar\u0131 gerekti\u011fini a\u00e7\u0131klayan avukat arkada\u015flar\u0131m\u0131za bu kez de x-ray ile \u00fcst aramas\u0131 dayat\u0131lmaya \u00e7al\u0131\u015f\u0131lm\u0131\u015ft\u0131r. Avukat arkada\u015flar\u0131m\u0131z bunu dayatamayacaklar\u0131n\u0131 a\u00e7\u0131klamaya \u00e7al\u0131\u015f\u0131rken kap\u0131daki g\u00f6revli kolluk taraf\u0131ndan darp edilerek kap\u0131 d\u0131\u015f\u0131na s\u00fcr\u00fcklenerek at\u0131lm\u0131\u015flard\u0131r. Avukat arkada\u015flar\u0131m\u0131zdan birisinin bu yap\u0131lan\u0131n i\u015fkence oldu\u011funu s\u00f6ylemesi \u00fczerine sald\u0131ran kolluk g\u00f6revlisi: &#8221; Ben i\u015fkencenin ne oldu\u011funu iyi bilirim! &#8221; demek suretiyle arkada\u015flar\u0131m\u0131za y\u00f6nelik tehditler savurmu\u015ftur. Savc\u0131l\u0131ktan talimat gelene kadar i\u00e7eri al\u0131nmayan arkada\u015flar\u0131m\u0131z m\u00fcvekkilleri ile g\u00f6r\u00fc\u015fecekleri esnada avukat arkada\u015flar\u0131m\u0131z\u0131 darp eden kolluk g\u00f6r\u00fc\u015fmeyi engelleyerek arkada\u015flar\u0131m\u0131z\u0131n kimliklerine el koymaya \u00e7al\u0131\u015fm\u0131\u015f ve vermemeleri halinde m\u00fcvekkilleri ile g\u00f6r\u00fc\u015ft\u00fcr\u00fclmeyece\u011fi y\u00f6n\u00fcnde g\u00f6revlerini yapt\u0131rmamakla tehdit etmi\u015ftir.\u201d<\/p>\n<\/blockquote>\n\n\n\n<p>\u201c\u0130\u015fkence, tehdit ve dayatmalar\u0131 kabul etmiyoruz!\u201d denilen a\u00e7\u0131klamada son olarak \u015funlar ifade edildi:<\/p>\n\n\n\n<p>\u201cNe m\u00fcvekkillerimizin savunma haklar\u0131n\u0131n engellenmesine ne de g\u00f6revini yapmaya \u00e7al\u0131\u015fan meslekta\u015flar\u0131m\u0131z\u0131n darp ve tehdit edilmelerine m\u00fcsaade etmeyece\u011fimizi, ya\u015fanan bu olay\u0131n takip\u00e7isi olaca\u011f\u0131m\u0131z\u0131 t\u00fcm kamuoyuna bildiriyoruz!\u201d<\/p>\n","protected":false},"excerpt":{"rendered":"<p>\u00c7HD, \u00d6HD ve \u0130HD \u0130zmir \u015eubeleri \u0130zmir&#46;&#46;&#46;<\/p>\n","protected":false},"author":1,"featured_media":925,"comment_status":"closed","ping_status":"open","sticky":false,"template":"","format":"standard","meta":{"footnotes":""},"categories":[5],"tags":[],"manset":[],"class_list":["post-926","post","type-post","status-publish","format-standard","has-post-thumbnail","hentry","category-etkinlikler"],"amp_enabled":true,"_links":{"self":[{"href":"https:\/\/kolektifmucadele1.org\/index.php\/wp-json\/wp\/v2\/posts\/926","targetHints":{"allow":["GET"]}}],"collection":[{"href":"https:\/\/kolektifmucadele1.org\/index.php\/wp-json\/wp\/v2\/posts"}],"about":[{"href":"https:\/\/kolektifmucadele1.org\/index.php\/wp-json\/wp\/v2\/types\/post"}],"author":[{"embeddable":true,"href":"https:\/\/kolektifmucadele1.org\/index.php\/wp-json\/wp\/v2\/users\/1"}],"replies":[{"embeddable":true,"href":"https:\/\/kolektifmucadele1.org\/index.php\/wp-json\/wp\/v2\/comments?post=926"}],"version-history":[{"count":0,"href":"https:\/\/kolektifmucadele1.org\/index.php\/wp-json\/wp\/v2\/posts\/926\/revisions"}],"wp:featuredmedia":[{"embeddable":true,"href":"https:\/\/kolektifmucadele1.org\/index.php\/wp-json\/wp\/v2\/media\/925"}],"wp:attachment":[{"href":"https:\/\/kolektifmucadele1.org\/index.php\/wp-json\/wp\/v2\/media?parent=926"}],"wp:term":[{"taxonomy":"category","embeddable":true,"href":"https:\/\/kolektifmucadele1.org\/index.php\/wp-json\/wp\/v2\/categories?post=926"},{"taxonomy":"post_tag","embeddable":true,"href":"https:\/\/kolektifmucadele1.org\/index.php\/wp-json\/wp\/v2\/tags?post=926"},{"taxonomy":"manset","embeddable":true,"href":"https:\/\/kolektifmucadele1.org\/index.php\/wp-json\/wp\/v2\/manset?post=926"}],"curies":[{"name":"wp","href":"https:\/\/api.w.org\/{rel}","templated":true}]}}