{"id":9275,"date":"2026-04-04T22:00:34","date_gmt":"2026-04-04T19:00:34","guid":{"rendered":"https:\/\/kolektifmucadele1.org\/?p=9275"},"modified":"2026-04-04T22:00:34","modified_gmt":"2026-04-04T19:00:34","slug":"istanbulda-natoya-karsi-ses-yukseldi-emperyalist-siyonist-saldirganliga-karsi-nato-dagitilsin","status":"publish","type":"post","link":"https:\/\/kolektifmucadele1.org\/index.php\/2026\/04\/04\/istanbulda-natoya-karsi-ses-yukseldi-emperyalist-siyonist-saldirganliga-karsi-nato-dagitilsin\/","title":{"rendered":"\u0130stanbul&#8217;da NATO&#8217;ya kar\u015f\u0131 ses y\u00fckseldi: &#8216;Emperyalist-siyonist sald\u0131rganl\u0131\u011fa kar\u015f\u0131 NATO da\u011f\u0131t\u0131ls\u0131n\u2019"},"content":{"rendered":"\n<p>\u0130stanbul\u2019da, NATO\u2019nun 77\u2019nci kurulu\u015f y\u0131l d\u00f6n\u00fcm\u00fcnde \u201cNATO da\u011f\u0131t\u0131ls\u0131n\u201d talebiyle bir eylem d\u00fczenlendi. \u00c7ok say\u0131da ki\u015fi, \u0130stanbul\u2019da bir araya gelerek AKM \u00f6n\u00fcnde topland\u0131 ve buradan Dolmabah\u00e7e y\u00f6n\u00fcne y\u00fcr\u00fcy\u00fc\u015f ba\u015flatt\u0131.<\/p>\n\n\n\n<p>\u201cSava\u015f \u00f6rg\u00fct\u00fc NATO da\u011f\u0131t\u0131ls\u0131n\u201d pankart\u0131n\u0131n arkas\u0131nda y\u00fcr\u00fcyen kitle, y\u00fcr\u00fcy\u00fc\u015f boyunca s\u0131k s\u0131k sloganlar att\u0131. Kat\u0131l\u0131mc\u0131lar, \u201cKatil ABD Ortado\u011fu\u2019dan defol\u201d, \u201cNATO\u2019dan \u00e7\u0131k\u0131ls\u0131n \u00fcsler kapat\u0131ls\u0131n\u201d, \u201cEmperyalist sava\u015fa hay\u0131r\u201d ve \u201cSava\u015f \u00f6rg\u00fct\u00fc NATO da\u011f\u0131t\u0131ls\u0131n\u201d yaz\u0131l\u0131 d\u00f6vizler ta\u015f\u0131d\u0131.<\/p>\n\n\n\n<p>Y\u00fcr\u00fcy\u00fc\u015fte ayr\u0131ca Deniz Gezmi\u015f, Mahir \u00c7ayan ve Yusuf Aslan\u2019\u0131n foto\u011fraflar\u0131 ta\u015f\u0131nd\u0131. ABD Ba\u015fkan\u0131 Donald Trump\u2019\u0131 temsilen haz\u0131rlanan bir kukla da kortejde yer ald\u0131; kuklan\u0131n \u00fczerinde \u201cGo home\u201d yaz\u0131s\u0131 bulundu.<\/p>\n\n\n\n<p>Y\u00fcr\u00fcy\u00fc\u015f boyunca \u201cKatil ABD Ortado\u011fu\u2019dan defol\u201d, \u201c\u0130ran halk\u0131 yaln\u0131z de\u011fildir\u201d, \u201cG\u00fcn gelecek devran d\u00f6necek katiller halka hesap verecek\u201d, \u201cNATO\u2019ya hay\u0131r halklara \u00f6zg\u00fcrl\u00fck\u201d ve \u201cNATO\u2019dan \u00e7\u0131k, \u00fcsleri kapat\u201d sloganlar\u0131 \u00f6ne \u00e7\u0131kt\u0131.<\/p>\n\n\n\n<p>Dolmabah\u00e7e Sahili\u2019ne yakla\u015f\u0131ld\u0131\u011f\u0131nda, ge\u00e7mi\u015fte 6. Filo\u2019nun protesto edildi\u011fi noktaya at\u0131fla baz\u0131 kat\u0131l\u0131mc\u0131lar me\u015falelerle ko\u015ftu.<\/p>\n\n\n\n<p>Yap\u0131lan konu\u015fmalarda, NATO\u2019nun k\u00fcresel \u00f6l\u00e7ekte y\u00fcr\u00fctt\u00fc\u011f\u00fc politikalar ele\u015ftirilerek, askeri harcamalar\u0131n artt\u0131\u011f\u0131 ve bunun halklar\u0131n ya\u015fam ko\u015fullar\u0131n\u0131 olumsuz etkiledi\u011fi vurguland\u0131. T\u00fcrkiye\u2019deki askeri \u00fcslerin ve savunma harcamalar\u0131n\u0131n da ele\u015ftirildi\u011fi konu\u015fmalarda, bu politikalar\u0131n \u00fclkeyi daha fazla \u00e7at\u0131\u015fman\u0131n par\u00e7as\u0131 haline getirdi\u011fi ifade edildi.<\/p>\n\n\n\n<p>Konu\u015fmac\u0131lar, Filistin, \u0130ran ve Venezuela gibi b\u00f6lgelerde ya\u015fanan geli\u015fmelere dikkat \u00e7ekerek, bu s\u00fcre\u00e7lerin k\u00fcresel g\u00fc\u00e7lerin m\u00fcdahaleleriyle ba\u011flant\u0131l\u0131 oldu\u011funu dile getirdi. Emperyalizme kar\u015f\u0131 m\u00fccadele \u00e7a\u011fr\u0131s\u0131 yap\u0131lan a\u00e7\u0131klamalarda, i\u015f\u00e7i s\u0131n\u0131f\u0131n\u0131n ve halklar\u0131n ortak direni\u015finin \u00f6nemine vurgu yap\u0131ld\u0131.<\/p>\n\n\n\n<p>Ayr\u0131ca, Temmuz ay\u0131nda T\u00fcrkiye\u2019de yap\u0131lmas\u0131 planlanan NATO zirvesine tepki g\u00f6sterilerek, bu t\u00fcr toplant\u0131lar\u0131n yeni sava\u015f politikalar\u0131na zemin haz\u0131rlad\u0131\u011f\u0131 savunuldu. Kat\u0131l\u0131mc\u0131lar, sava\u015f politikalar\u0131na kar\u015f\u0131 m\u00fccadeleyi b\u00fcy\u00fctme \u00e7a\u011fr\u0131s\u0131 yapt\u0131.<\/p>\n\n\n\n<p>Eylem, yap\u0131lan konu\u015fmalar\u0131n ard\u0131ndan sona erdi.<\/p>\n","protected":false},"excerpt":{"rendered":"<p>\u0130stanbul\u2019da, NATO\u2019nun 77\u2019nci kurulu\u015f y\u0131l d\u00f6n\u00fcm\u00fcnde \u201cNATO&#46;&#46;&#46;<\/p>\n","protected":false},"author":3,"featured_media":9277,"comment_status":"closed","ping_status":"closed","sticky":false,"template":"","format":"standard","meta":{"footnotes":""},"categories":[5,29],"tags":[],"manset":[],"class_list":["post-9275","post","type-post","status-publish","format-standard","has-post-thumbnail","hentry","category-etkinlikler","category-manset"],"amp_enabled":true,"_links":{"self":[{"href":"https:\/\/kolektifmucadele1.org\/index.php\/wp-json\/wp\/v2\/posts\/9275","targetHints":{"allow":["GET"]}}],"collection":[{"href":"https:\/\/kolektifmucadele1.org\/index.php\/wp-json\/wp\/v2\/posts"}],"about":[{"href":"https:\/\/kolektifmucadele1.org\/index.php\/wp-json\/wp\/v2\/types\/post"}],"author":[{"embeddable":true,"href":"https:\/\/kolektifmucadele1.org\/index.php\/wp-json\/wp\/v2\/users\/3"}],"replies":[{"embeddable":true,"href":"https:\/\/kolektifmucadele1.org\/index.php\/wp-json\/wp\/v2\/comments?post=9275"}],"version-history":[{"count":1,"href":"https:\/\/kolektifmucadele1.org\/index.php\/wp-json\/wp\/v2\/posts\/9275\/revisions"}],"predecessor-version":[{"id":9278,"href":"https:\/\/kolektifmucadele1.org\/index.php\/wp-json\/wp\/v2\/posts\/9275\/revisions\/9278"}],"wp:featuredmedia":[{"embeddable":true,"href":"https:\/\/kolektifmucadele1.org\/index.php\/wp-json\/wp\/v2\/media\/9277"}],"wp:attachment":[{"href":"https:\/\/kolektifmucadele1.org\/index.php\/wp-json\/wp\/v2\/media?parent=9275"}],"wp:term":[{"taxonomy":"category","embeddable":true,"href":"https:\/\/kolektifmucadele1.org\/index.php\/wp-json\/wp\/v2\/categories?post=9275"},{"taxonomy":"post_tag","embeddable":true,"href":"https:\/\/kolektifmucadele1.org\/index.php\/wp-json\/wp\/v2\/tags?post=9275"},{"taxonomy":"manset","embeddable":true,"href":"https:\/\/kolektifmucadele1.org\/index.php\/wp-json\/wp\/v2\/manset?post=9275"}],"curies":[{"name":"wp","href":"https:\/\/api.w.org\/{rel}","templated":true}]}}