{"id":9453,"date":"2026-04-27T21:45:45","date_gmt":"2026-04-27T18:45:45","guid":{"rendered":"https:\/\/kolektifmucadele1.org\/?p=9453"},"modified":"2026-04-27T22:05:42","modified_gmt":"2026-04-27T19:05:42","slug":"27-nisanda-olumsuzlesen-orhan-yilmazkaya-dk-milisleri-tarafinda-anildi","status":"publish","type":"post","link":"https:\/\/kolektifmucadele1.org\/index.php\/2026\/04\/27\/27-nisanda-olumsuzlesen-orhan-yilmazkaya-dk-milisleri-tarafinda-anildi\/","title":{"rendered":"Devrimci Karargah Milisleri Taraf\u0131ndan Orhan Y\u0131lmazkaya  An\u0131ld\u0131"},"content":{"rendered":"\n<p><em><strong>Elimize e-posta yoluyla gelen haberi okuyucular\u0131m\u0131zla payla\u015f\u0131yoruz.<\/strong><\/em><\/p>\n\n\n\n<p>Devrimci Kararg\u00e2h Milisleri, 27 Nisan 2009\u2019da \u00f6l\u00fcms\u00fczle\u015fen Orhan Y\u0131lmazkaya\u2019n\u0131n \u00f6l\u00fcm y\u0131ld\u00f6n\u00fcm\u00fc nedeniyle \u00e7e\u015fitli b\u00f6lgelerde anma faaliyetleri ger\u00e7ekle\u015ftirildi\u011fini duyurdu.<\/p>\n\n\n\n<p>Yap\u0131lan a\u00e7\u0131klamada, kentin farkl\u0131 semtlerinde \u00e7e\u015fitli noktalara pankartlar as\u0131ld\u0131\u011f\u0131 belirtildi. S\u00f6z konusu pankartlarda \u201cOrhan Y\u0131lmazkaya \u00f6l\u00fcms\u00fczd\u00fcr \u2013 DK Milisleri\u201d ifadelerinin yer ald\u0131\u011f\u0131, faaliyetlerin DK-Milisleri olarak Orhan Y\u0131lmazkaya\u2019n\u0131n \u00f6l\u00fcm y\u0131ld\u00f6n\u00fcm\u00fcne atfen d\u00fczenlendi\u011fi aktar\u0131ld\u0131.<\/p>\n\n\n\n<p>\u201cBiz d\u00fc\u015fece\u011fiz ama kavga s\u00fcrecek\u201d ifadesine yer verilen metinde, bunun s\u0131n\u0131f m\u00fccadelesinin s\u00fcreklili\u011fini vurgulad\u0131\u011f\u0131, m\u00fccadelenin kesintisiz s\u00fcrd\u00fc\u011f\u00fcne dikkat \u00e7ekildi\u011fi ifade edildi. A\u00e7\u0131klamada bu ifadenin, politik m\u00fccadelenin devaml\u0131l\u0131\u011f\u0131na i\u015faret etti\u011fi belirtilerek, kavga s\u00fcr\u00fcyor dendi.<\/p>\n\n\n\n<figure class=\"wp-block-image size-full\"><img loading=\"lazy\" decoding=\"async\" width=\"579\" height=\"514\" src=\"https:\/\/kolektifmucadele1.org\/wp-content\/uploads\/2026\/04\/orhananma.png\" alt=\"\" class=\"wp-image-9455\"\/><\/figure>\n\n\n\n<figure class=\"wp-block-image size-full\"><img loading=\"lazy\" decoding=\"async\" width=\"795\" height=\"579\" src=\"https:\/\/kolektifmucadele1.org\/wp-content\/uploads\/2026\/04\/orhananama01.png\" alt=\"\" class=\"wp-image-9456\"\/><\/figure>\n<\/p>","protected":false},"excerpt":{"rendered":"<p>Elimize e-posta yoluyla gelen haberi okuyucular\u0131m\u0131zla payla\u015f\u0131yoruz.&#46;&#46;&#46;<\/p>\n","protected":false},"author":3,"featured_media":9454,"comment_status":"closed","ping_status":"closed","sticky":false,"template":"","format":"standard","meta":{"footnotes":""},"categories":[5,29],"tags":[],"manset":[],"class_list":["post-9453","post","type-post","status-publish","format-standard","has-post-thumbnail","hentry","category-etkinlikler","category-manset"],"amp_enabled":true,"_links":{"self":[{"href":"https:\/\/kolektifmucadele1.org\/index.php\/wp-json\/wp\/v2\/posts\/9453","targetHints":{"allow":["GET"]}}],"collection":[{"href":"https:\/\/kolektifmucadele1.org\/index.php\/wp-json\/wp\/v2\/posts"}],"about":[{"href":"https:\/\/kolektifmucadele1.org\/index.php\/wp-json\/wp\/v2\/types\/post"}],"author":[{"embeddable":true,"href":"https:\/\/kolektifmucadele1.org\/index.php\/wp-json\/wp\/v2\/users\/3"}],"replies":[{"embeddable":true,"href":"https:\/\/kolektifmucadele1.org\/index.php\/wp-json\/wp\/v2\/comments?post=9453"}],"version-history":[{"count":3,"href":"https:\/\/kolektifmucadele1.org\/index.php\/wp-json\/wp\/v2\/posts\/9453\/revisions"}],"predecessor-version":[{"id":9461,"href":"https:\/\/kolektifmucadele1.org\/index.php\/wp-json\/wp\/v2\/posts\/9453\/revisions\/9461"}],"wp:featuredmedia":[{"embeddable":true,"href":"https:\/\/kolektifmucadele1.org\/index.php\/wp-json\/wp\/v2\/media\/9454"}],"wp:attachment":[{"href":"https:\/\/kolektifmucadele1.org\/index.php\/wp-json\/wp\/v2\/media?parent=9453"}],"wp:term":[{"taxonomy":"category","embeddable":true,"href":"https:\/\/kolektifmucadele1.org\/index.php\/wp-json\/wp\/v2\/categories?post=9453"},{"taxonomy":"post_tag","embeddable":true,"href":"https:\/\/kolektifmucadele1.org\/index.php\/wp-json\/wp\/v2\/tags?post=9453"},{"taxonomy":"manset","embeddable":true,"href":"https:\/\/kolektifmucadele1.org\/index.php\/wp-json\/wp\/v2\/manset?post=9453"}],"curies":[{"name":"wp","href":"https:\/\/api.w.org\/{rel}","templated":true}]}}