{"id":9462,"date":"2026-04-28T02:03:24","date_gmt":"2026-04-27T23:03:24","guid":{"rendered":"https:\/\/kolektifmucadele1.org\/?p=9462"},"modified":"2026-04-28T02:03:41","modified_gmt":"2026-04-27T23:03:41","slug":"kazancidaki-1-mayis-anmasina-polis-mudahalesi-46-kisi-gozaltina-alindi","status":"publish","type":"post","link":"https:\/\/kolektifmucadele1.org\/index.php\/2026\/04\/28\/kazancidaki-1-mayis-anmasina-polis-mudahalesi-46-kisi-gozaltina-alindi\/","title":{"rendered":"Kazanc\u0131\u2019daki 1 May\u0131s anmas\u0131na polis m\u00fcdahalesi: 46 ki\u015fi g\u00f6zalt\u0131na al\u0131nd\u0131"},"content":{"rendered":"\n<p>1 May\u0131s Taksim \u0130nisiyatifi\u2019nin \u00e7a\u011fr\u0131s\u0131yla 1977, 1989 ve 1996 y\u0131llar\u0131ndaki 1 May\u0131s\u2019larda ya\u015fam\u0131n\u0131 yitirenler, Kazanc\u0131 Yoku\u015fu\u2019nda an\u0131lmak istendi. Ancak anma etkinli\u011fi, polis m\u00fcdahalesiyle engellendi. M\u00fcdahale s\u0131ras\u0131nda 46 ki\u015fi g\u00f6zalt\u0131na al\u0131nd\u0131.<\/p>\n\n\n\n<p>Beyo\u011flu Kaymakaml\u0131\u011f\u0131\u2019n\u0131n yasak karar\u0131n\u0131 gerek\u00e7e g\u00f6steren polis, Taksim ve \u00e7evresinde geni\u015f g\u00fcvenlik \u00f6nlemleri ald\u0131. B\u00f6lge ablukaya al\u0131n\u0131rken, Taksim Metro \u0130stasyonu da kapat\u0131ld\u0131.<\/p>\n\n\n\n<p>Anma i\u00e7in Kazanc\u0131 Yoku\u015fu\u2019na karanfillerle y\u00fcr\u00fcmek isteyen gruba polis izin vermedi. Polis barikat\u0131 \u00f6n\u00fcnde a\u00e7\u0131klama yapan D\u0130SK\/Enerji-Sen Genel Ba\u015fkan\u0131 S\u00fcleyman Keskin, Taksim\u2019de 1 May\u0131s\u2019ta hayat\u0131n\u0131 kaybedenleri anmak i\u00e7in bir araya geldiklerini belirterek, yasaklara tepki g\u00f6sterdi.<\/p>\n\n\n\n<p>Keskin, daha \u00f6nce benzer gerek\u00e7elerle yarg\u0131land\u0131klar\u0131n\u0131 ancak mahkemelerde akland\u0131klar\u0131n\u0131 ifade ederek, Taksim\u2019de 1 May\u0131s kutlaman\u0131n ve anma yapman\u0131n me\u015fru bir hak oldu\u011funu s\u00f6yledi. A\u00e7\u0131klaman\u0131n ard\u0131ndan grup, polis barikat\u0131 \u00f6n\u00fcnde oturma eylemine ba\u015flad\u0131.<\/p>\n\n\n\n<p>Oturma eylemine m\u00fcdahale eden polis, aralar\u0131nda S\u00fcleyman Keskin\u2019in yan\u0131 s\u0131ra \u00e7e\u015fitli sendika ve kurum temsilcilerinin de bulundu\u011fu 46 ki\u015fiyi g\u00f6zalt\u0131na ald\u0131. G\u00f6zalt\u0131na al\u0131nanlar aras\u0131nda D\u0130SK\/Enerji-Sen Genel Sekreteri Emin Ats\u0131z ve Halkevleri Genel Ba\u015fkan Yard\u0131mc\u0131s\u0131 Evrim \u00c7ak\u0131r da yer ald\u0131.<\/p>\n\n\n\n<p>Emniyetteki i\u015flemlerinin ard\u0131ndan 43 ki\u015fi serbest b\u0131rak\u0131l\u0131rken, \u00fc\u00e7 ki\u015finin ba\u015fka dosyalardan arand\u0131\u011f\u0131 gerek\u00e7esiyle g\u00f6zalt\u0131nda tutuldu\u011fu \u00f6\u011frenildi.<\/p>\n\n\n\n<figure class=\"wp-block-image size-large\"><img loading=\"lazy\" decoding=\"async\" width=\"1024\" height=\"683\" src=\"https:\/\/kolektifmucadele1.org\/wp-content\/uploads\/2026\/04\/kazanci_anmasi-1024x683.jpg\" alt=\"\" class=\"wp-image-9465\"\/><\/figure>\n<\/p>","protected":false},"excerpt":{"rendered":"<p>1 May\u0131s Taksim \u0130nisiyatifi\u2019nin \u00e7a\u011fr\u0131s\u0131yla 1977, 1989&#46;&#46;&#46;<\/p>\n","protected":false},"author":3,"featured_media":9463,"comment_status":"closed","ping_status":"closed","sticky":false,"template":"","format":"standard","meta":{"footnotes":""},"categories":[6,29],"tags":[],"manset":[],"class_list":["post-9462","post","type-post","status-publish","format-standard","has-post-thumbnail","hentry","category-emek","category-manset"],"amp_enabled":true,"_links":{"self":[{"href":"https:\/\/kolektifmucadele1.org\/index.php\/wp-json\/wp\/v2\/posts\/9462","targetHints":{"allow":["GET"]}}],"collection":[{"href":"https:\/\/kolektifmucadele1.org\/index.php\/wp-json\/wp\/v2\/posts"}],"about":[{"href":"https:\/\/kolektifmucadele1.org\/index.php\/wp-json\/wp\/v2\/types\/post"}],"author":[{"embeddable":true,"href":"https:\/\/kolektifmucadele1.org\/index.php\/wp-json\/wp\/v2\/users\/3"}],"replies":[{"embeddable":true,"href":"https:\/\/kolektifmucadele1.org\/index.php\/wp-json\/wp\/v2\/comments?post=9462"}],"version-history":[{"count":2,"href":"https:\/\/kolektifmucadele1.org\/index.php\/wp-json\/wp\/v2\/posts\/9462\/revisions"}],"predecessor-version":[{"id":9466,"href":"https:\/\/kolektifmucadele1.org\/index.php\/wp-json\/wp\/v2\/posts\/9462\/revisions\/9466"}],"wp:featuredmedia":[{"embeddable":true,"href":"https:\/\/kolektifmucadele1.org\/index.php\/wp-json\/wp\/v2\/media\/9463"}],"wp:attachment":[{"href":"https:\/\/kolektifmucadele1.org\/index.php\/wp-json\/wp\/v2\/media?parent=9462"}],"wp:term":[{"taxonomy":"category","embeddable":true,"href":"https:\/\/kolektifmucadele1.org\/index.php\/wp-json\/wp\/v2\/categories?post=9462"},{"taxonomy":"post_tag","embeddable":true,"href":"https:\/\/kolektifmucadele1.org\/index.php\/wp-json\/wp\/v2\/tags?post=9462"},{"taxonomy":"manset","embeddable":true,"href":"https:\/\/kolektifmucadele1.org\/index.php\/wp-json\/wp\/v2\/manset?post=9462"}],"curies":[{"name":"wp","href":"https:\/\/api.w.org\/{rel}","templated":true}]}}