{"id":9467,"date":"2026-04-28T10:04:36","date_gmt":"2026-04-28T07:04:36","guid":{"rendered":"https:\/\/kolektifmucadele1.org\/?p=9467"},"modified":"2026-04-28T10:04:36","modified_gmt":"2026-04-28T07:04:36","slug":"istanbulda-1-mayis-oncesi-ev-baskinlari-cok-sayida-gozalti","status":"publish","type":"post","link":"https:\/\/kolektifmucadele1.org\/index.php\/2026\/04\/28\/istanbulda-1-mayis-oncesi-ev-baskinlari-cok-sayida-gozalti\/","title":{"rendered":"\u0130stanbul\u2019da 1 May\u0131s \u00f6ncesi ev bask\u0131nlar\u0131: \u00c7ok say\u0131da g\u00f6zalt\u0131"},"content":{"rendered":"\n<p>1 May\u0131s\u2019a g\u00fcnler kala \u0130stanbul\u2019da sabah saatlerinde \u00e7ok say\u0131da adrese polis operasyonu d\u00fczenlendi. Operasyonlarda \u00e7e\u015fitli siyasi parti, \u00f6\u011frenci olu\u015fumu ve sendika \u00e7evrelerinden \u00e7ok say\u0131da ki\u015fi g\u00f6zalt\u0131na al\u0131nd\u0131.<\/p>\n\n\n\n<p>Edinilen bilgilere g\u00f6re, g\u00f6zalt\u0131na al\u0131nanlar aras\u0131nda Ezilenlerin Sosyalist Partisi (ESP), Sosyalist Yeniden Kurulu\u015f Partisi (SYKP), Sosyalist Dayan\u0131\u015fma Platformu (SODAP), \u00d6\u011frenci Dayan\u0131\u015fmas\u0131, \u00d6\u011frenci \u0130nisiyatifi, Sosyalist M\u00fccadele \u0130nisiyatifi (SM\u0130) ve Polen Ekoloji ile ba\u011flant\u0131l\u0131 ki\u015filer yer al\u0131yor. Ayr\u0131ca baz\u0131 yay\u0131n \u00e7evreleri ve hukuk b\u00fcrolar\u0131ndan isimlerin de g\u00f6zalt\u0131na al\u0131nd\u0131\u011f\u0131 belirtildi.<\/p>\n\n\n\n<p>Gazeteci Yusuf \u00c7elik\u2019in aktard\u0131\u011f\u0131na g\u00f6re, operasyon kapsam\u0131nda 46 ki\u015filik bir g\u00f6zalt\u0131 listesi bulundu\u011fu ifade edildi. Soru\u015fturma dosyas\u0131nda 24 saatlik gizlilik karar\u0131 oldu\u011fu ve avukat g\u00f6r\u00fc\u015fmelerine k\u0131s\u0131tlama getirildi\u011fi \u00f6ne s\u00fcr\u00fcld\u00fc.<\/p>\n\n\n\n<p>\u00d6te yandan, Yeni Demokrasi gazetesinin Taksim\u2019de bulunan b\u00fcrosuna da polis taraf\u0131ndan bask\u0131n d\u00fczenlendi\u011fi bildirildi. Bask\u0131nda bilgisayarlar ile \u00e7e\u015fitli dok\u00fcman ve materyallere el konuldu\u011fu, ayr\u0131ca baz\u0131 ki\u015filerin g\u00f6zalt\u0131na al\u0131nd\u0131\u011f\u0131 aktar\u0131ld\u0131.<\/p>\n\n\n\n<p>Halk\u0131n Hukuk B\u00fcrosu\u2019na y\u00f6nelik operasyonda ise iki avukat\u0131n g\u00f6zalt\u0131na al\u0131nd\u0131\u011f\u0131 bilgisi payla\u015f\u0131ld\u0131.<\/p>\n\n\n\n<p>D\u0130SK\u2019e ba\u011fl\u0131 Dev Turizm-\u0130\u015f sendikas\u0131 da \u00fc\u00e7 y\u00f6neticilerinin sabah saatlerinde evlerine yap\u0131lan bask\u0131nlarla g\u00f6zalt\u0131na al\u0131nd\u0131\u011f\u0131n\u0131 duyurdu.<\/p>\n\n\n\n<p>Operasyonlara ili\u015fkin resmi makamlardan kapsaml\u0131 bir a\u00e7\u0131klama yap\u0131lmazken, g\u00f6zalt\u0131lar\u0131n 1 May\u0131s \u00f6ncesi y\u00fcr\u00fct\u00fclen soru\u015fturma kapsam\u0131nda ger\u00e7ekle\u015ftirildi\u011fi de\u011ferlendiriliyor.<\/p>\n","protected":false},"excerpt":{"rendered":"<p>1 May\u0131s\u2019a g\u00fcnler kala \u0130stanbul\u2019da sabah saatlerinde&#46;&#46;&#46;<\/p>\n","protected":false},"author":3,"featured_media":9468,"comment_status":"closed","ping_status":"closed","sticky":false,"template":"","format":"standard","meta":{"footnotes":""},"categories":[5,29],"tags":[],"manset":[],"class_list":["post-9467","post","type-post","status-publish","format-standard","has-post-thumbnail","hentry","category-etkinlikler","category-manset"],"amp_enabled":true,"_links":{"self":[{"href":"https:\/\/kolektifmucadele1.org\/index.php\/wp-json\/wp\/v2\/posts\/9467","targetHints":{"allow":["GET"]}}],"collection":[{"href":"https:\/\/kolektifmucadele1.org\/index.php\/wp-json\/wp\/v2\/posts"}],"about":[{"href":"https:\/\/kolektifmucadele1.org\/index.php\/wp-json\/wp\/v2\/types\/post"}],"author":[{"embeddable":true,"href":"https:\/\/kolektifmucadele1.org\/index.php\/wp-json\/wp\/v2\/users\/3"}],"replies":[{"embeddable":true,"href":"https:\/\/kolektifmucadele1.org\/index.php\/wp-json\/wp\/v2\/comments?post=9467"}],"version-history":[{"count":1,"href":"https:\/\/kolektifmucadele1.org\/index.php\/wp-json\/wp\/v2\/posts\/9467\/revisions"}],"predecessor-version":[{"id":9469,"href":"https:\/\/kolektifmucadele1.org\/index.php\/wp-json\/wp\/v2\/posts\/9467\/revisions\/9469"}],"wp:featuredmedia":[{"embeddable":true,"href":"https:\/\/kolektifmucadele1.org\/index.php\/wp-json\/wp\/v2\/media\/9468"}],"wp:attachment":[{"href":"https:\/\/kolektifmucadele1.org\/index.php\/wp-json\/wp\/v2\/media?parent=9467"}],"wp:term":[{"taxonomy":"category","embeddable":true,"href":"https:\/\/kolektifmucadele1.org\/index.php\/wp-json\/wp\/v2\/categories?post=9467"},{"taxonomy":"post_tag","embeddable":true,"href":"https:\/\/kolektifmucadele1.org\/index.php\/wp-json\/wp\/v2\/tags?post=9467"},{"taxonomy":"manset","embeddable":true,"href":"https:\/\/kolektifmucadele1.org\/index.php\/wp-json\/wp\/v2\/manset?post=9467"}],"curies":[{"name":"wp","href":"https:\/\/api.w.org\/{rel}","templated":true}]}}