{"id":9471,"date":"2026-04-29T10:22:04","date_gmt":"2026-04-29T07:22:04","guid":{"rendered":"https:\/\/kolektifmucadele1.org\/?p=9471"},"modified":"2026-04-29T10:22:06","modified_gmt":"2026-04-29T07:22:06","slug":"zafer-direnen-maden-emekcilerinin","status":"publish","type":"post","link":"https:\/\/kolektifmucadele1.org\/index.php\/2026\/04\/29\/zafer-direnen-maden-emekcilerinin\/","title":{"rendered":"Zafer Direnen Maden Emek\u00e7ilerinin"},"content":{"rendered":"\n<p>Ankara\u2019da g\u00fcnlerdir haklar\u0131 i\u00e7in direnen Doruk Madencilik i\u015f\u00e7ileri, m\u00fccadelelerini kazan\u0131mla sonu\u00e7land\u0131rd\u0131. Ba\u011f\u0131ms\u0131z Maden-\u0130\u015f Genel Ba\u015fkan\u0131 G\u00f6kay \u00c7ak\u0131r, \u0130\u00e7i\u015fleri Bakanl\u0131\u011f\u0131\u2019nda yap\u0131lan g\u00f6r\u00fc\u015fmenin ard\u0131ndan i\u015f\u00e7ilerin taleplerinin \u00f6nemli \u00f6l\u00e7\u00fcde kabul edildi\u011fini a\u00e7\u0131klad\u0131.<\/p>\n\n\n\n<p>\u00c7ak\u0131r, i\u015f\u00e7ilerin b\u00fcy\u00fck b\u00f6l\u00fcm\u00fcn\u00fcn maa\u015flar\u0131n\u0131n yat\u0131r\u0131ld\u0131\u011f\u0131n\u0131, kalan alacaklar\u0131n ise 15 g\u00fcn i\u00e7erisinde \u00f6denece\u011fine dair s\u00f6z al\u0131nd\u0131\u011f\u0131n\u0131 belirterek, bu geli\u015fme \u00fczerine direni\u015fi sonland\u0131rd\u0131klar\u0131n\u0131 duyurdu.<\/p>\n\n\n\n<p>Kazan\u0131m\u0131n detaylar\u0131, madencilerin n\u00f6bet alan\u0131 olan Kurtulu\u015f Park\u0131\u2019nda yap\u0131lan a\u00e7\u0131klamayla kamuoyuna duyuruldu. \u00c7ak\u0131r, \u0130\u00e7i\u015fleri Bakanl\u0131\u011f\u0131, Enerji ve Tabii Kaynaklar Bakanl\u0131\u011f\u0131 ile \u00c7al\u0131\u015fma ve Sosyal G\u00fcvenlik Bakanl\u0131\u011f\u0131\u2019yla y\u00fcr\u00fct\u00fclen g\u00f6r\u00fc\u015fmeler sonucunda \u00f6demelerin tamamlanmas\u0131na y\u00f6nelik mutabakata var\u0131ld\u0131\u011f\u0131n\u0131 ifade etti. S\u00fcrecin takip\u00e7isi olacaklar\u0131n\u0131 vurgulayan \u00c7ak\u0131r, hi\u00e7bir i\u015f\u00e7inin ma\u011fdur edilmeyece\u011fini s\u00f6yledi.<\/p>\n\n\n\n<p>Konu\u015fmas\u0131nda direni\u015fin b\u00fcy\u00fckl\u00fc\u011f\u00fcne dikkat \u00e7eken \u00c7ak\u0131r, \u201cYola 350 madenciyle \u00e7\u0131kt\u0131k ama milyonlar\u0131n deste\u011fini hissettik. Bu s\u00fcre\u00e7 bir kez daha g\u00f6sterdi ki i\u015f\u00e7i s\u0131n\u0131f\u0131 birlik oldu\u011funda kazan\u0131r\u201d dedi.<\/p>\n\n\n\n<p>Ba\u011f\u0131ms\u0131z Maden-\u0130\u015f \u00f6rg\u00fctlenme uzman\u0131 Ba\u015faran Aksu da yapt\u0131\u011f\u0131 a\u00e7\u0131klamada elde edilen kazan\u0131m\u0131n t\u00fcm i\u015f\u00e7i s\u0131n\u0131f\u0131 a\u00e7\u0131s\u0131ndan \u00f6nemli oldu\u011funu belirtti. Aksu, direni\u015fi hayat\u0131n\u0131 kaybeden sendika y\u00f6neticileri Tahir \u00c7etin ve Ali Faik \u0130nter\u2019e ithaf ettiklerini ifade etti.<\/p>\n\n\n\n<p>Konu\u015fmalarda ayr\u0131ca tutuklu gazeteciler, avukatlar ve sendikac\u0131lara da dikkat \u00e7ekilerek serbest b\u0131rak\u0131lmalar\u0131 \u00e7a\u011fr\u0131s\u0131nda bulunuldu.<\/p>\n\n\n\n<p>G\u00fcnler s\u00fcren direni\u015fin ard\u0131ndan elde edilen bu sonu\u00e7, i\u015f\u00e7iler taraf\u0131ndan co\u015fkuyla kar\u015f\u0131land\u0131. Ankara halk\u0131da madencileri alk\u0131\u015flarla u\u011furlad\u0131.<\/p>\n\n\n\n<p>Direni\u015f s\u00fcrecinde daha \u00f6nce k\u0131smi \u00f6demeler yap\u0131lm\u0131\u015f, ancak i\u015f\u00e7iler bunun alacaklar\u0131n\u0131n \u00e7ok k\u00fc\u00e7\u00fck bir k\u0131sm\u0131n\u0131 kar\u015f\u0131lad\u0131\u011f\u0131n\u0131 belirterek m\u00fccadelelerini s\u00fcrd\u00fcrme karar\u0131 alm\u0131\u015ft\u0131. 17 g\u00fcn s\u00fcren direni\u015f, al\u0131nan bu sonu\u00e7la sona erdi.<\/p>\n\n\n\n<p>Madencilerin m\u00fccadelesi bir kez daha g\u00f6sterdi ki, direnen madenciler kazand\u0131; zafer, direnenlerin oldu.<\/p>\n","protected":false},"excerpt":{"rendered":"<p>Ankara\u2019da g\u00fcnlerdir haklar\u0131 i\u00e7in direnen Doruk Madencilik&#46;&#46;&#46;<\/p>\n","protected":false},"author":3,"featured_media":9472,"comment_status":"closed","ping_status":"closed","sticky":false,"template":"","format":"standard","meta":{"footnotes":""},"categories":[6,5,29],"tags":[],"manset":[],"class_list":["post-9471","post","type-post","status-publish","format-standard","has-post-thumbnail","hentry","category-emek","category-etkinlikler","category-manset"],"amp_enabled":true,"_links":{"self":[{"href":"https:\/\/kolektifmucadele1.org\/index.php\/wp-json\/wp\/v2\/posts\/9471","targetHints":{"allow":["GET"]}}],"collection":[{"href":"https:\/\/kolektifmucadele1.org\/index.php\/wp-json\/wp\/v2\/posts"}],"about":[{"href":"https:\/\/kolektifmucadele1.org\/index.php\/wp-json\/wp\/v2\/types\/post"}],"author":[{"embeddable":true,"href":"https:\/\/kolektifmucadele1.org\/index.php\/wp-json\/wp\/v2\/users\/3"}],"replies":[{"embeddable":true,"href":"https:\/\/kolektifmucadele1.org\/index.php\/wp-json\/wp\/v2\/comments?post=9471"}],"version-history":[{"count":1,"href":"https:\/\/kolektifmucadele1.org\/index.php\/wp-json\/wp\/v2\/posts\/9471\/revisions"}],"predecessor-version":[{"id":9473,"href":"https:\/\/kolektifmucadele1.org\/index.php\/wp-json\/wp\/v2\/posts\/9471\/revisions\/9473"}],"wp:featuredmedia":[{"embeddable":true,"href":"https:\/\/kolektifmucadele1.org\/index.php\/wp-json\/wp\/v2\/media\/9472"}],"wp:attachment":[{"href":"https:\/\/kolektifmucadele1.org\/index.php\/wp-json\/wp\/v2\/media?parent=9471"}],"wp:term":[{"taxonomy":"category","embeddable":true,"href":"https:\/\/kolektifmucadele1.org\/index.php\/wp-json\/wp\/v2\/categories?post=9471"},{"taxonomy":"post_tag","embeddable":true,"href":"https:\/\/kolektifmucadele1.org\/index.php\/wp-json\/wp\/v2\/tags?post=9471"},{"taxonomy":"manset","embeddable":true,"href":"https:\/\/kolektifmucadele1.org\/index.php\/wp-json\/wp\/v2\/manset?post=9471"}],"curies":[{"name":"wp","href":"https:\/\/api.w.org\/{rel}","templated":true}]}}