{"id":9474,"date":"2026-04-29T11:17:08","date_gmt":"2026-04-29T08:17:08","guid":{"rendered":"https:\/\/kolektifmucadele1.org\/?p=9474"},"modified":"2026-04-29T11:17:08","modified_gmt":"2026-04-29T08:17:08","slug":"yerin-altindan-volkan-gibi-yukselenler-semdin-simsir","status":"publish","type":"post","link":"https:\/\/kolektifmucadele1.org\/index.php\/2026\/04\/29\/yerin-altindan-volkan-gibi-yukselenler-semdin-simsir\/","title":{"rendered":"Yerin Alt\u0131ndan Volkan Gibi Y\u00fckselenler &#8211; \u015eemdin \u015eimsir"},"content":{"rendered":"\n<p>1 May\u0131s\u2019a giderken, hem \u00fclkemizde hem d\u00fcnyada ya\u015fananlar\u0131n g\u00f6lgesinde Ankara\u2019da g\u00fcnlerdir s\u00fcren maden i\u015f\u00e7ilerinin kararl\u0131 direni\u015fi \u00f6ne \u00e7\u0131kt\u0131. T\u00fcm bask\u0131lara, \u015fiddete ve g\u00f6zalt\u0131lara ra\u011fmen geri ad\u0131m atmayan madenciler, bir kez daha g\u00f6sterdi:<\/p>\n\n\n\n<p>Direnenler kazan\u0131r.<\/p>\n\n\n\n<p>1 May\u0131s \u00f6ncesinde topluma dayat\u0131lan bask\u0131 ve zorluklara kar\u015f\u0131 madencilerin can bedeline dayanan direni\u015fi; umudun, m\u00fccadelenin ve kazanman\u0131n m\u00fcmk\u00fcn oldu\u011funu yeniden hat\u0131rlatt\u0131. Emek\u00e7ilere, do\u011fas\u0131n\u0131 savunanlara, sesi bast\u0131r\u0131lmak istenen herkese bir nefes, bir g\u00fc\u00e7 oldu.<\/p>\n\n\n\n<p>Egemenler \u015funu \u00e7ok iyi biliyor:<\/p>\n\n\n\n<p>Kitlelerin biriken \u00f6fkesi b\u00fcy\u00fcyor.<\/p>\n\n\n\n<p>Ve o \u00f6fke b\u00fcy\u00fcd\u00fck\u00e7e bir g\u00fcn mutlaka patlar.<\/p>\n\n\n\n<p>Susturulmak istenen sesler birikir.<\/p>\n\n\n\n<p>Birikir\u2026 ve bir g\u00fcn patlar.<\/p>\n\n\n\n<p>Yerin alt\u0131ndan.<\/p>\n\n\n\n<p>Ankara\u2019da sar\u0131 baretlerini ba\u015flar\u0131na ge\u00e7iren madenciler i\u015fte o birikimin ad\u0131d\u0131r. Ellerindeki baretleri yere vurduk\u00e7a \u00e7\u0131kan ses, sadece bir talep de\u011fil; bir s\u0131n\u0131f\u0131n, bir halk\u0131n haf\u0131zas\u0131d\u0131r:<\/p>\n\n\n\n<p>A\u00e7\u0131z!<\/p>\n\n\n\n<p>Bu bir slogan de\u011fildir. Bu, bir acizli\u011fin ifadesi de de\u011fildir. Bu, \u00fcretenlerin bu sistemi te\u015fhir eden sesidir.<\/p>\n\n\n\n<p>Bu ses; yaratanlar\u0131n, \u00fcretenlerin sesidir.<\/p>\n\n\n\n<p>Bu ses; a\u00e7l\u0131\u011fa mahk\u00fbm edilen emek\u00e7ilerin, bu d\u00fczenin y\u00fcz\u00fcne \u00e7arpan ger\u00e7e\u011fidir.<\/p>\n\n\n\n<p>Bu \u00e7eli\u015fki yeni de\u011fil.<\/p>\n\n\n\n<p>Zonguldak y\u00fcr\u00fcy\u00fc\u015f\u00fcnde y\u00fcz binler yerin alt\u0131ndan yery\u00fcz\u00fcne akt\u0131.<\/p>\n\n\n\n<p>1989 Bahar Eylemleri\u2019nde i\u015f\u00e7iler \u00fcretimi durdurdu.<\/p>\n\n\n\n<p>Tekel i\u015f\u00e7ileri Ankara\u2019n\u0131n ortas\u0131nda aylarca direndi.<\/p>\n\n\n\n<p>Greif i\u015f\u00e7ileri fabrikay\u0131 i\u015fgal etti vb.<\/p>\n\n\n\n<p>Soma\u2019n\u0131n ard\u0131ndan y\u00fckselen \u00f6fke, bu d\u00fczenin ger\u00e7ek y\u00fcz\u00fcn\u00fc bir kez daha a\u00e7\u0131\u011fa \u00e7\u0131kard\u0131.<\/p>\n\n\n\n<p>Tarih a\u00e7\u0131k:<\/p>\n\n\n\n<p>Hak verilmez, al\u0131n\u0131r.<\/p>\n\n\n\n<p>Bug\u00fcn Ankara\u2019da madencilerin kurdu\u011fu hat tam da budur.<\/p>\n\n\n\n<p>Bu yaln\u0131zca bir \u00fccret meselesi de\u011fildir.<\/p>\n\n\n\n<p>Bu bir s\u0131n\u0131rd\u0131r.<\/p>\n\n\n\n<p>Bu, \u201cart\u0131k yeter\u201d diyenlerin \u00e7izdi\u011fi bir hatt\u0131r.<\/p>\n\n\n\n<p>Barikatlar kuruldu.<\/p>\n\n\n\n<p>Ablukalar olu\u015fturuldu.<\/p>\n\n\n\n<p>\u0130\u015f\u00e7iler yaln\u0131zla\u015ft\u0131r\u0131lmak istendi.<\/p>\n\n\n\n<p>Ama bir kez daha g\u00f6r\u00fcld\u00fc:<\/p>\n\n\n\n<p>Barikatlar tarihi durduramaz.<\/p>\n\n\n\n<p>Bask\u0131 direni\u015fi bitiremez.<\/p>\n\n\n\n<p>Korku \u00f6rg\u00fctl\u00fc bir g\u00fcc\u00fc yenemez.<\/p>\n\n\n\n<p>Ve sonu\u00e7 ortada:<\/p>\n\n\n\n<p>Direnen madenciler kazand\u0131.<\/p>\n\n\n\n<p>Bu yaln\u0131zca bir sonu\u00e7 de\u011fil, tarihsel bir ger\u00e7ektir.<\/p>\n\n\n\n<p>\u00c7\u00fcnk\u00fc tarih boyunca kazananlar hep direnenler oldu:<\/p>\n\n\n\n<p>8 saatlik i\u015f g\u00fcn\u00fc direni\u015fle kazan\u0131ld\u0131.<\/p>\n\n\n\n<p>Sendika hakk\u0131 direni\u015fle kazan\u0131ld\u0131.<\/p>\n\n\n\n<p>Grev hakk\u0131 direni\u015fle kazan\u0131ld\u0131.<\/p>\n\n\n\n<p>Hi\u00e7biri masa ba\u015f\u0131nda verilmedi.<\/p>\n\n\n\n<p>Hi\u00e7biri bekleyerek kazan\u0131lmad\u0131.<\/p>\n\n\n\n<p>Bug\u00fcn de de\u011fi\u015fen bir \u015fey yok.<\/p>\n\n\n\n<p>Uzla\u015fma yukar\u0131da de\u011fil, m\u00fccadelede kazan\u0131l\u0131r.<\/p>\n\n\n\n<p>Zafer bekleyerek de\u011fil, direnerek gelir.<\/p>\n\n\n\n<p>Madenciler bunu bir kez daha g\u00f6sterdi.<\/p>\n\n\n\n<p>Bug\u00fcn sar\u0131 baretlerin yere vuru\u015fu \u015funu s\u00f6yl\u00fcyor:<\/p>\n\n\n\n<p>Biz bunu kabul etmiyoruz.<\/p>\n\n\n\n<p>Etmeyece\u011fiz.<\/p>\n\n\n\n<p>Direne direne kazanaca\u011f\u0131z.<\/p>\n\n\n\n<p>Bu bir slogan de\u011fil, tarihsel bir ger\u00e7ektir.<\/p>\n\n\n\n<p>Yerin alt\u0131nda biriken \u00f6fke, yery\u00fcz\u00fcne \u00e7\u0131kt\u0131\u011f\u0131nda bir volkana d\u00f6n\u00fc\u015f\u00fcr.<\/p>\n\n\n\n<p>Ve o volkan yaln\u0131zca y\u0131kmaz \u2014 ayn\u0131 zamanda yeniden kurar.<\/p>\n\n\n\n<p>1 May\u0131s yakla\u015f\u0131rken bu \u00fclkenin ger\u00e7ek sesi budur:<\/p>\n\n\n\n<p>Yerin alt\u0131ndan gelen, bast\u0131r\u0131lamayan, susturulamayan ses.<\/p>\n\n\n\n<p>O ses birle\u015fti\u011finde art\u0131k yaln\u0131zca bir g\u00fcn de\u011fil; bir g\u00fc\u00e7 olur.<\/p>\n\n\n\n<p>Bir s\u0131n\u0131f olur.<\/p>\n\n\n\n<p>Bir tarih olur.<\/p>\n\n\n\n<p>Ve o tarih \u015funu yazar:<\/p>\n\n\n\n<p>Zafer, direnenlerindir.<\/p>\n","protected":false},"excerpt":{"rendered":"<p>1 May\u0131s\u2019a giderken, hem \u00fclkemizde hem d\u00fcnyada&#46;&#46;&#46;<\/p>\n","protected":false},"author":3,"featured_media":9475,"comment_status":"closed","ping_status":"closed","sticky":false,"template":"","format":"standard","meta":{"footnotes":""},"categories":[7,29],"tags":[],"manset":[],"class_list":["post-9474","post","type-post","status-publish","format-standard","has-post-thumbnail","hentry","category-makaleler","category-manset"],"amp_enabled":true,"_links":{"self":[{"href":"https:\/\/kolektifmucadele1.org\/index.php\/wp-json\/wp\/v2\/posts\/9474","targetHints":{"allow":["GET"]}}],"collection":[{"href":"https:\/\/kolektifmucadele1.org\/index.php\/wp-json\/wp\/v2\/posts"}],"about":[{"href":"https:\/\/kolektifmucadele1.org\/index.php\/wp-json\/wp\/v2\/types\/post"}],"author":[{"embeddable":true,"href":"https:\/\/kolektifmucadele1.org\/index.php\/wp-json\/wp\/v2\/users\/3"}],"replies":[{"embeddable":true,"href":"https:\/\/kolektifmucadele1.org\/index.php\/wp-json\/wp\/v2\/comments?post=9474"}],"version-history":[{"count":1,"href":"https:\/\/kolektifmucadele1.org\/index.php\/wp-json\/wp\/v2\/posts\/9474\/revisions"}],"predecessor-version":[{"id":9476,"href":"https:\/\/kolektifmucadele1.org\/index.php\/wp-json\/wp\/v2\/posts\/9474\/revisions\/9476"}],"wp:featuredmedia":[{"embeddable":true,"href":"https:\/\/kolektifmucadele1.org\/index.php\/wp-json\/wp\/v2\/media\/9475"}],"wp:attachment":[{"href":"https:\/\/kolektifmucadele1.org\/index.php\/wp-json\/wp\/v2\/media?parent=9474"}],"wp:term":[{"taxonomy":"category","embeddable":true,"href":"https:\/\/kolektifmucadele1.org\/index.php\/wp-json\/wp\/v2\/categories?post=9474"},{"taxonomy":"post_tag","embeddable":true,"href":"https:\/\/kolektifmucadele1.org\/index.php\/wp-json\/wp\/v2\/tags?post=9474"},{"taxonomy":"manset","embeddable":true,"href":"https:\/\/kolektifmucadele1.org\/index.php\/wp-json\/wp\/v2\/manset?post=9474"}],"curies":[{"name":"wp","href":"https:\/\/api.w.org\/{rel}","templated":true}]}}