{"id":9485,"date":"2026-05-02T00:15:14","date_gmt":"2026-05-01T21:15:14","guid":{"rendered":"https:\/\/kolektifmucadele1.org\/?p=9485"},"modified":"2026-05-02T00:15:14","modified_gmt":"2026-05-01T21:15:14","slug":"taksim-iradesi-engellenemez","status":"publish","type":"post","link":"https:\/\/kolektifmucadele1.org\/index.php\/2026\/05\/02\/taksim-iradesi-engellenemez\/","title":{"rendered":"Taksim \u0130radesi Engellenemez"},"content":{"rendered":"\n<p>T\u00fcrkiye\u2019de Taksim Meydan\u0131, uzun y\u0131llard\u0131r 1 May\u0131s Uluslararas\u0131 Birlik, M\u00fccadele ve Dayan\u0131\u015fma G\u00fcn\u00fc\u2019n\u00fcn simgesel ve tarihsel merkezi olmay\u0131 s\u00fcrd\u00fcr\u00fcyor. Ancak \u00f6zellikle 1977 katliam\u0131n\u0131n ard\u0131ndan i\u015f\u00e7i s\u0131n\u0131f\u0131n\u0131n haf\u0131zas\u0131nda \u00f6zel bir yer tutan bu alan, son y\u0131llarda sistematik bi\u00e7imde yasaklan\u0131yor. Bu y\u0131l da yasaklar geni\u015fletilerek uyguland\u0131; ancak emek ve demokrasi g\u00fc\u00e7leri yasa\u011f\u0131 tan\u0131mayarak Taksim iradesini bir kez daha ortaya koydu.<\/p>\n\n\n\n<p>\u0130stanbul Valili\u011fi\u2019nin ald\u0131\u011f\u0131 karar do\u011frultusunda Taksim ve \u00e7evresi adeta abluka alt\u0131na al\u0131nd\u0131. Beyo\u011flu ba\u015fta olmak \u00fczere \u015ei\u015fli, Be\u015fikta\u015f, Kad\u0131k\u00f6y ve Kartal\u2019da \u00e7ok say\u0131da yol trafi\u011fe kapat\u0131ld\u0131; ara\u00e7 ve yaya ge\u00e7i\u015fine izin verilmedi. Taksim\u2019e \u00e7\u0131kan t\u00fcm sokaklar bariyerlerle kesilirken, b\u00f6lgeye giri\u015f-\u00e7\u0131k\u0131\u015flar da tamamen engellendi.<\/p>\n\n\n\n<p>Ula\u015f\u0131m da b\u00fcy\u00fck \u00f6l\u00e7\u00fcde durduruldu. M2 Yenikap\u0131\u2013Hac\u0131osman Metro Hatt\u0131\u2019n\u0131n Taksim, \u015ei\u015fhane ve Osmanbey duraklar\u0131 kapat\u0131ld\u0131. Kabata\u015f\u2013Taksim F\u00fcnik\u00fcler Hatt\u0131 ile \u0130stiklal Caddesi \u00fczerindeki nostaljik tramvay seferleri iptal edildi. T\u00fcnel-Karak\u00f6y hatt\u0131 ile Taksim ve \u00e7evresindeki bir\u00e7ok \u0130ETT dura\u011f\u0131nda da seferler durduruldu. Mecidiyek\u00f6y Metro \u0130stasyonu\u2019nda ise yaln\u0131zca meydan \u00e7\u0131k\u0131\u015f\u0131 a\u00e7\u0131k b\u0131rak\u0131ld\u0131.<\/p>\n\n\n\n<p>T\u00fcm bu abluka ko\u015fullar\u0131na ra\u011fmen binlerce ki\u015fi Mecidiyek\u00f6y\u2019de bir araya geldi. 1 May\u0131s Taksim \u0130nisiyatifi\u2019nin \u00e7a\u011fr\u0131s\u0131n\u0131n yan\u0131 s\u0131ra, Kolektif M\u00fccadele Platformu\u2019nun da i\u00e7inde yer ald\u0131\u011f\u0131 geni\u015f bir birle\u015fik yap\u0131, Taksim\u2019e y\u00fcr\u00fcme iradesini sahiplenerek alanda yer ald\u0131. Kitle, Taksim\u2019in tarihsel adres oldu\u011funu vurgulayarak yasaklara ra\u011fmen geri ad\u0131m atmayaca\u011f\u0131n\u0131 ilan etti.<\/p>\n\n\n\n<p>Polisin g\u00fcn boyu s\u00fcren m\u00fcdahalelerinde 576 ki\u015fi g\u00f6zalt\u0131na al\u0131nd\u0131. G\u00f6zalt\u0131na al\u0131nanlar aras\u0131nda \u00e7ok say\u0131da siyasi parti, sendika ve kitle \u00f6rg\u00fct\u00fc y\u00f6neticisi yer ald\u0131.<\/p>\n\n\n\n<p>Ayr\u0131ca HKP \u00fcyeleri Be\u015fikta\u015f\u2019tan y\u00fcr\u00fcy\u00fc\u015f s\u0131ras\u0131nda, Kald\u0131ra\u00e7 Hareketi \u00fcyeleri ise Bo\u011faz K\u00f6pr\u00fcs\u00fc\u2019ndeki eylemleri s\u0131ras\u0131nda g\u00f6zalt\u0131na al\u0131nd\u0131.<\/p>\n\n\n\n<p>G\u00f6zalt\u0131na al\u0131nanlardan 47 ki\u015finin mevcutlu tutuldu\u011fu, di\u011ferlerinin ise ifade i\u015flemlerinin ard\u0131ndan serbest b\u0131rak\u0131lmas\u0131n\u0131n beklendi\u011fi belirtildi.<\/p>\n\n\n\n<p>T\u00fcm yasaklara, ula\u015f\u0131m\u0131n durdurulmas\u0131na ve yo\u011fun polis ablukas\u0131na ra\u011fmen ortaya \u00e7\u0131kan tablo a\u00e7\u0131kt\u0131: Taksim yasa\u011f\u0131 fiilen uygulanm\u0131\u015f olsa da, farkl\u0131 siyasal ve toplumsal g\u00fc\u00e7lerin ortakla\u015ft\u0131\u011f\u0131 birle\u015fik bir irade ile Taksim\u2019e \u00e7\u0131kma kararl\u0131l\u0131\u011f\u0131 bu y\u0131l da k\u0131r\u0131lmad\u0131.<\/p>\n","protected":false},"excerpt":{"rendered":"<p>T\u00fcrkiye\u2019de Taksim Meydan\u0131, uzun y\u0131llard\u0131r 1 May\u0131s&#46;&#46;&#46;<\/p>\n","protected":false},"author":3,"featured_media":9486,"comment_status":"closed","ping_status":"closed","sticky":false,"template":"","format":"standard","meta":{"footnotes":""},"categories":[5,29],"tags":[],"manset":[],"class_list":["post-9485","post","type-post","status-publish","format-standard","has-post-thumbnail","hentry","category-etkinlikler","category-manset"],"amp_enabled":true,"_links":{"self":[{"href":"https:\/\/kolektifmucadele1.org\/index.php\/wp-json\/wp\/v2\/posts\/9485","targetHints":{"allow":["GET"]}}],"collection":[{"href":"https:\/\/kolektifmucadele1.org\/index.php\/wp-json\/wp\/v2\/posts"}],"about":[{"href":"https:\/\/kolektifmucadele1.org\/index.php\/wp-json\/wp\/v2\/types\/post"}],"author":[{"embeddable":true,"href":"https:\/\/kolektifmucadele1.org\/index.php\/wp-json\/wp\/v2\/users\/3"}],"replies":[{"embeddable":true,"href":"https:\/\/kolektifmucadele1.org\/index.php\/wp-json\/wp\/v2\/comments?post=9485"}],"version-history":[{"count":1,"href":"https:\/\/kolektifmucadele1.org\/index.php\/wp-json\/wp\/v2\/posts\/9485\/revisions"}],"predecessor-version":[{"id":9487,"href":"https:\/\/kolektifmucadele1.org\/index.php\/wp-json\/wp\/v2\/posts\/9485\/revisions\/9487"}],"wp:featuredmedia":[{"embeddable":true,"href":"https:\/\/kolektifmucadele1.org\/index.php\/wp-json\/wp\/v2\/media\/9486"}],"wp:attachment":[{"href":"https:\/\/kolektifmucadele1.org\/index.php\/wp-json\/wp\/v2\/media?parent=9485"}],"wp:term":[{"taxonomy":"category","embeddable":true,"href":"https:\/\/kolektifmucadele1.org\/index.php\/wp-json\/wp\/v2\/categories?post=9485"},{"taxonomy":"post_tag","embeddable":true,"href":"https:\/\/kolektifmucadele1.org\/index.php\/wp-json\/wp\/v2\/tags?post=9485"},{"taxonomy":"manset","embeddable":true,"href":"https:\/\/kolektifmucadele1.org\/index.php\/wp-json\/wp\/v2\/manset?post=9485"}],"curies":[{"name":"wp","href":"https:\/\/api.w.org\/{rel}","templated":true}]}}