{"id":9493,"date":"2026-05-02T01:07:37","date_gmt":"2026-05-01T22:07:37","guid":{"rendered":"https:\/\/kolektifmucadele1.org\/?p=9493"},"modified":"2026-05-02T01:14:41","modified_gmt":"2026-05-01T22:14:41","slug":"1-mayis-2026-savasa-fasizme-ve-yoksulluga-karsi-turkiyenin-dort-bir-yaninda-alanlar-doldu","status":"publish","type":"post","link":"https:\/\/kolektifmucadele1.org\/index.php\/2026\/05\/02\/1-mayis-2026-savasa-fasizme-ve-yoksulluga-karsi-turkiyenin-dort-bir-yaninda-alanlar-doldu\/","title":{"rendered":"1 May\u0131s 2026: Sava\u015fa, Fa\u015fizme ve Yoksullu\u011fa Kar\u015f\u0131 T\u00fcrkiye\u2019nin D\u00f6rt Bir Yan\u0131nda Alanlar Doldu"},"content":{"rendered":"\n<p>1 May\u0131s 2026\u2019da T\u00fcrkiye\u2019nin d\u00f6rt bir yan\u0131nda binlerce i\u015f\u00e7i, emek\u00e7i, gen\u00e7 ve kad\u0131n alanlara \u00e7\u0131karak sava\u015fa, fa\u015fizme ve yoksullu\u011fa kar\u015f\u0131 taleplerini y\u00fckseltti. 1 May\u0131s Uluslararas\u0131 Birlik, M\u00fccadele ve Dayan\u0131\u015fma G\u00fcn\u00fc kapsam\u0131nda ger\u00e7ekle\u015fen eylem ve mitinglerde, yaln\u0131zca ekonomik talepler de\u011fil; emperyalist sava\u015f politikalar\u0131, bask\u0131 rejimi, do\u011fa talan\u0131 ve toplumsal adaletsizlikler de g\u00fc\u00e7l\u00fc bi\u00e7imde g\u00fcndeme ta\u015f\u0131nd\u0131.<\/p>\n\n\n\n<p>\u00dclke genelinde yap\u0131lan etkinliklerde \u00f6zellikle \u0130ran\u2019a y\u00f6nelik emperyalist sava\u015f politikalar\u0131, \u201ci\u00e7 cepheyi tahkim etme\u201d ad\u0131 alt\u0131nda artan bask\u0131lar, derinle\u015fen yoksulluk, e\u011fitimde \u015fiddet, sendikac\u0131 ve gazetecilere y\u00f6nelik tutuklamalar ile enerji ve maden projeleri \u00fczerinden b\u00fcy\u00fcyen do\u011fa tahribat\u0131 \u00f6ne \u00e7\u0131kan ba\u015fl\u0131klar oldu. Alanlarda ta\u015f\u0131nan pankartlar ve at\u0131lan sloganlar, bu \u00e7ok y\u00f6nl\u00fc krize kar\u015f\u0131 birlikte m\u00fccadeleye \u00e7a\u011fr\u0131s\u0131ydi.<\/p>\n\n\n\n<p>\u0130STANBUL<\/p>\n\n\n\n<p>\u0130stanbul\u2019da 1 May\u0131s\u2019\u0131n tarihsel merkezi olan Taksim Meydan\u0131\u2019na y\u00fcr\u00fcmek isteyen binler, Mecidiyek\u00f6y\u2019de topland\u0131. 1 May\u0131s Taksim \u0130nisiyatifi\u2019nin \u00e7a\u011fr\u0131s\u0131yla bir araya gelen kitle, yasaklara ra\u011fmen geri ad\u0131m atmayaca\u011f\u0131n\u0131 vurgulad\u0131. Polis m\u00fcdahalesi sonucu yakla\u015f\u0131k 400 ki\u015fi g\u00f6zalt\u0131na al\u0131nd\u0131. Buna ra\u011fmen \u201cTaksim iradesi\u201d vurgusu, g\u00fcn\u00fcn en g\u00fc\u00e7l\u00fc politik mesajlar\u0131ndan biri oldu.<\/p>\n\n\n\n<p>\u0130STANBUL KADIK\u00d6Y<\/p>\n\n\n\n<p>\u0130stanbul\u2019da 1 May\u0131s Emek ve Dayan\u0131\u015fma G\u00fcn\u00fc, geni\u015f kat\u0131l\u0131mla ancak yo\u011fun g\u00fcvenlik \u00f6nlemleri ve k\u0131s\u0131tlamalar\u0131n g\u00f6lgesinde kutland\u0131.<\/p>\n\n\n\n<p>Sabah\u0131n erken saatlerinden itibaren binlerce ki\u015fi Kad\u0131k\u00f6y\u2019de bir araya geldi. Devrimci \u0130\u015f\u00e7i Sendikalar\u0131 Konfederasyonu (D\u0130SK), Kamu Emek\u00e7ileri Sendikalar\u0131 Konfederasyonu (KESK), T\u00fcrk M\u00fchendis ve Mimar Odalar\u0131 Birli\u011fi (TMMOB) ve T\u00fcrk Tabipleri Birli\u011fi\u2019nin (TTB) \u00e7a\u011fr\u0131s\u0131yla d\u00fczenlenen miting, Kad\u0131k\u00f6y \u0130skele Meydan\u0131\u2019nda ger\u00e7ekle\u015ftirildi. \u201cEmek, adalet, bar\u0131\u015f ve demokrasi i\u00e7in birle\u015felim, de\u011fi\u015ftirelim\u201d slogan\u0131yla yap\u0131lan \u00e7a\u011fr\u0131 do\u011frultusunda sendikalar, meslek \u00f6rg\u00fctleri ve \u00e7e\u015fitli sivil toplum yap\u0131lar\u0131 sabah saatlerinden itibaren alana ak\u0131n etti.<\/p>\n\n\n\n<p>D\u0130SK, TMMOB ve TTB\u2019nin olu\u015fturdu\u011fu kortej saat 11.00\u2019de Haydarpa\u015fa Numune Hastanesi \u00f6n\u00fcnden y\u00fcr\u00fcy\u00fc\u015fe ge\u00e7erken, KESK\u2019e ba\u011fl\u0131 sendikalar S\u00f6\u011f\u00fctl\u00fc\u00e7e\u015fme\u2019den hareket etti. Farkl\u0131 noktalardan ilerleyen kortejler Kad\u0131k\u00f6y \u0130skele Meydan\u0131\u2019nda birle\u015fti.<\/p>\n\n\n\n<p>Kad\u0131k\u00f6y \u0130skele Meydan\u0131\u2019nda on binlerce ki\u015finin kat\u0131l\u0131m\u0131yla ger\u00e7ekle\u015fen mitingde k\u00fcrs\u00fcden konu\u015fmalar yap\u0131ld\u0131. 1 May\u0131s Tertip Komitesi taraf\u0131ndan okunan ortak a\u00e7\u0131klamada, kapitalist sistemin yaratt\u0131\u011f\u0131 e\u015fitsizliklere kar\u015f\u0131 \u00f6rg\u00fctl\u00fc m\u00fccadelenin b\u00fcy\u00fct\u00fclmesi gerekti\u011fi vurguland\u0131. A\u00e7\u0131klamada, uygulanan ekonomik politikalar\u0131n geni\u015f kesimlerin al\u0131m g\u00fcc\u00fcn\u00fc d\u00fc\u015f\u00fcrd\u00fc\u011f\u00fc ve yoksulla\u015fmay\u0131 art\u0131rd\u0131\u011f\u0131 ifade edilirken, b\u00f6lgesel ve k\u00fcresel gerilimlerin y\u00fck\u00fcn\u00fcn emek\u00e7ilerin \u00fczerine y\u0131k\u0131ld\u0131\u011f\u0131 belirtildi. Artan \u00e7al\u0131\u015fma y\u00fck\u00fcne ra\u011fmen ya\u015fam ko\u015fullar\u0131n\u0131n giderek zorla\u015ft\u0131\u011f\u0131na dikkat \u00e7ekilen a\u00e7\u0131klamada, i\u015f\u00e7iler, gen\u00e7ler ve kad\u0131nlar ba\u015fta olmak \u00fczere toplumun t\u00fcm kesimlerinin ortak bir m\u00fccadele hatt\u0131nda bulu\u015fmas\u0131n\u0131n \u00f6nemine vurgu yap\u0131ld\u0131.<\/p>\n\n\n\n<p>ANKARA<\/p>\n\n\n\n<p>Ankara\u2019da ya\u011f\u0131\u015fl\u0131 havaya ra\u011fmen binler Tando\u011fan Meydan\u0131\u2019nda bulu\u015ftu. Atat\u00fcrk K\u00fclt\u00fcr Merkezi \u00f6n\u00fcnden ba\u015flayan y\u00fcr\u00fcy\u00fc\u015fte \u00f6zellikle direni\u015flerini kazan\u0131mla sonu\u00e7land\u0131ran madencilerin alana geli\u015fi b\u00fcy\u00fck co\u015fku yaratt\u0131. Halkevleri, T\u0130P ve EMEP kortejleri kitlesellikleriyle dikkat \u00e7ekti.<\/p>\n\n\n\n<p>Do\u011fu Karadeniz\u2019de 1 May\u0131s, do\u011fa talan\u0131na ve tar\u0131mda s\u00f6m\u00fcr\u00fcye kar\u015f\u0131 m\u00fccadele ba\u015fl\u0131klar\u0131yla \u00f6ne \u00e7\u0131kt\u0131. Re\u015fit Kibar ve Metin Lokumcu an\u0131l\u0131rken, \u00e7ay \u00fcreticilerinin talepleri de alanlara ta\u015f\u0131nd\u0131.<\/p>\n\n\n\n<p>\u0130ZMIR<\/p>\n\n\n\n<p>\u0130zmir&#8217;de 1 May\u0131s mitingi Konak G\u00fcndo\u011fdu Meydan\u0131&#8217;nda yap\u0131ld\u0131. Basmane Meydan\u0131, Cumhuriyet Meydan\u0131 ve Alsancak Liman\u0131 \u00f6n\u00fcnde toplanan halk, 3 kol halinde meydana y\u00fcr\u00fcd\u00fc. &#8220;\u0130\u015f\u00e7iler birle\u015fir, bu d\u00fczen de\u011fi\u015fir&#8221;, &#8220;Bozuk d\u00fczende sa\u011flam \u00e7ark olmaz&#8221;, &#8220;May\u0131s&#8217;a y\u00fcr\u00fcyor kentin ger\u00e7ek sahipleri&#8221;, &#8220;Emek, adalet, e\u015fitlik, bar\u0131\u015f, \u00f6zg\u00fcrl\u00fck ve demokrasi i\u00e7in alanlarday\u0131z&#8221;, &#8220;Kad\u0131n eme\u011fi ucuz de\u011fildir&#8221;, &#8220;Ya\u015fas\u0131n 1 May\u0131s, JES&#8217;lere kar\u015f\u0131y\u0131z&#8221; ve &#8220;Sendika hakk\u0131m\u0131z engellenemez, \u00fcreten eller grevde, patron kulak t\u0131kamakta&#8221; pankartlar\u0131 a\u00e7\u0131lan y\u00fcr\u00fcy\u00fc\u015flerde, &#8220;Direnen Temel Conta i\u015f\u00e7isi yaln\u0131z de\u011fildir&#8221;, &#8220;Temel Conta i\u015f\u00e7isi direni\u015fin simgesi, &#8220;Zafer direnen emek\u00e7inin olacak&#8221;, &#8220;Kurtulu\u015f yok tek ba\u015f\u0131na ya hep beraber ya hi\u00e7birimiz&#8221;, &#8220;Bij\u00ee Berxwedana Karkeran&#8221;, &#8220;Cotkar \u00fb karker hem\u00fb proleter&#8221; sloganlar\u0131 at\u0131ld\u0131.&nbsp;<\/p>\n\n\n\n<p>Mitinge sendika ve siyasi partilerin yan\u0131 s\u0131ra, ekoloji dernekleri, kad\u0131n ve sivil toplum \u00f6rg\u00fctleri de kat\u0131ld\u0131. Yap\u0131lan a\u00e7\u0131l\u0131\u015f konu\u015fmalar\u0131n\u0131n ard\u0131ndan 508 g\u00fcnd\u00fcr sendikal haklar\u0131 i\u00e7in grevdeki Temel Conta i\u015f\u00e7ileri ad\u0131na Sinem Kaya ile yine sendikal haklar\u0131 i\u00e7in grevde olan Digel Tekstil i\u015f\u00e7ileri konu\u015fma yapt\u0131.&nbsp;<\/p>\n\n\n\n<p>Tertip Komitesi ad\u0131na konu\u015fan D\u0130SK Ege B\u00f6lge Temsilcisi Deniz G\u00fcm\u00fc\u015ftekin, &#8220;\u015eiddetsiz ve e\u015fit bir ya\u015fam hakt\u0131r ve derhal g\u00fcvence alt\u0131na al\u0131nmal\u0131d\u0131r. Sa\u011fl\u0131k \u00e7al\u0131\u015fanlar\u0131 d\u00fc\u015f\u00fck \u00fccretler ve artan \u015fiddet ortam\u0131nda g\u00f6rev yap\u0131yor. Sa\u011fl\u0131k emek\u00e7ileri zan g\u00fcvenli\u011fi olmadan hizmet veriyor.<\/p>\n\n\n\n<p>Rant u\u011fruna ya\u015fam alanlar\u0131 yok edilmekte. Yurtlar\u0131ndan edilmek istenen halk\u0131n m\u00fccadelesi b\u00fcy\u00fcyor. Ekolojik y\u0131k\u0131m\u0131n bedelini t\u00fcm halk \u00f6demektedir. Okullarda ya\u015fanan \u015fiddet, ihmaller ciddi bir tehdit haline geldi. Nitelikli ve e\u015fit e\u011fitim bu ortamda m\u00fcmk\u00fcn de\u011fil. MESEM ile \u00e7ocuklar ucuz i\u015f g\u00fcc\u00fcne d\u00f6n\u00fc\u015ft\u00fcr\u00fclmektedir. \u0130\u015f cinayetleri ya\u015fanmaktad\u0131r. E\u011fitim bilimsel ve kamusal bir hak olmak zorundad\u0131r. Biz eme\u011fin s\u00f6m\u00fcr\u00fclmedi\u011fi, herkesin g\u00fcvenceli \u00e7al\u0131\u015ft\u0131\u011f\u0131, sa\u011fl\u0131k ve e\u011fitimin kamusal oldu\u011fu, hukukun ba\u011f\u0131ms\u0131z i\u015fledi\u011fi, bar\u0131\u015f\u0131n hakim oldu\u011fu bir \u00fclke istiyoruz. Bu \u00fclkenin gelece\u011fini biz kuraca\u011f\u0131z\u201d dedi.<\/p>\n\n\n\n<p>T\u00fcrk \u0130\u015f Ege B\u00f6lge Temsilcisi Hayrettin \u00c7akmak ise \u201cBiz yoksulla\u015f\u0131rken bankalar, \u015firketler kar rekorlar\u0131 k\u0131r\u0131yor. Vergide adalet yok. \u0130\u015f\u00e7iler patronlardan daha fazla vergi veriyor. Bu d\u00fczende ya\u015fam\u0131n her alan\u0131nda \u015fiddetle kar\u015f\u0131 kar\u015f\u0131ya kalan kad\u0131nlar g\u00fcvencesiz b\u0131rak\u0131l\u0131yor. Kentler rant u\u011fruna yok ediliyor. Biz emek\u00e7iler m\u00fccadele etmeye devam edece\u011fiz. Yeter ki birle\u015felim, \u00f6rg\u00fctlenelim. Eme\u011fimizin hakk\u0131 i\u00e7in, gelirde adalet i\u00e7in, d\u00fcnyada bar\u0131\u015f i\u00e7in birle\u015felim\u201d diye belirtti.<\/p>\n\n\n\n<p>Miting yap\u0131lan konu\u015fmalar\u0131n ard\u0131ndan m\u00fczik dinletisi ile sona erdi.<\/p>\n\n\n\n<p><strong>MU\u011eLA&nbsp;<\/strong><\/p>\n\n\n\n<p>1 May\u0131s Tertip Komitesi\u2019nin \u00e7a\u011fr\u0131s\u0131yla Mente\u015fe il\u00e7esinde ger\u00e7ekle\u015ftirilen kutlamalarda sendikalar, Akyol Pazar Yeri\u2019nde bir araya geldi. Atat\u00fcrk Bulvar\u0131\u2019na yap\u0131lan y\u00fcr\u00fcy\u00fc\u015f\u00fcn sonunda bulvarda kutlama yap\u0131ld\u0131. Kutlamaya sendikalar\u0131n yan\u0131 s\u0131ra De\u015ftin \u00c7evre Platformu \u00fcyeleri de kat\u0131ld\u0131.&nbsp; Mitingde Tertip Komitesi ad\u0131na bas\u0131n a\u00e7\u0131klamas\u0131n\u0131 Nil\u00fcfer Enginsu ve Kamil Ate\u015f okudu.&nbsp;<\/p>\n\n\n\n<p><strong>DEN\u0130ZL\u0130<\/strong><\/p>\n\n\n\n<p>Denizli\u2019de de 15 Temmuz Delikli\u00e7\u0131nar \u015eehitler Meydan\u0131\u2019nda bir araya gelen sendikalar, sivil toplum \u00f6rg\u00fctleri ve siyasi partiler kutlaman\u0131n yap\u0131ld\u0131\u011f\u0131 \u00c7\u0131nar Meydan\u0131\u2019na y\u00fcr\u00fcd\u00fc.&nbsp;<\/p>\n\n\n\n<p><strong>MAN\u0130SA&nbsp;<\/strong><\/p>\n\n\n\n<p>Manisa Akhisar il\u00e7esinde de Belediye-\u0130\u015f Sendikas\u0131 Manisa \u015eubesi \u00f6nc\u00fcl\u00fc\u011f\u00fcnde belediye \u015fantiyesi \u00f6n\u00fcnde toplanan kalabal\u0131k, kortej e\u015fli\u011finde y\u00fcr\u00fcy\u00fc\u015f ger\u00e7ekle\u015ftirerek G\u00f6let konser alan\u0131na ula\u015ft\u0131. Burada d\u00fczenlenen mitingde emek, dayan\u0131\u015fma ve birlik mesajlar\u0131 \u00f6n plana \u00e7\u0131kt\u0131. Programda konu\u015fan Belediye-\u0130\u015f Sendikas\u0131 Manisa \u015eube Ba\u015fkan\u0131 Devrim Din\u00e7er, dayan\u0131\u015fman\u0131n g\u00fc\u00e7lenerek devam etmesi gerekti\u011fini s\u00f6yledi.<\/p>\n\n\n\n<p><strong>BALIKES\u0130R&nbsp;<\/strong><\/p>\n\n\n\n<p>Bal\u0131kesir Alt\u0131eyl\u00fcl il\u00e7esinde de \u00c7ar\u015famba Pazar\u0131 \u00f6n\u00fcnde toplanan i\u015f\u00e7i sendikalar\u0131, ya\u011f\u0131\u015fl\u0131 havaya ra\u011fmen buradan y\u00fcr\u00fcyerek Kuva-yi Milliye Meydan\u0131&#8217;na y\u00fcr\u00fcd\u00fc. Grup ad\u0131na konu\u015fma yapan E\u011fitim-Sen Bal\u0131kesir \u015eube Ba\u015fkan\u0131 G\u00fcrb\u00fcz \u015eahin, 1 May\u0131s&#8217;\u0131n \u00f6nemini dile getirdi. \u015eahin, &#8220;Biz eme\u011fimizin hakk\u0131n\u0131 istiyoruz, adaletli bir gelecek istiyoruz. \u0130nsanca bir ya\u015fam istiyoruz. Biz bar\u0131\u015f ve karde\u015f\u00e7e ya\u015famak istiyoruz&#8221; diye konu\u015ftu.<\/p>\n\n\n\n<p><strong>K\u00dcTAHYA&nbsp;<\/strong><\/p>\n\n\n\n<p>K\u00fctahya&#8217;da ise K\u00fctahya Belediyesi \u00f6n\u00fcnde toplanan sendikalar, Atat\u00fcrk Bulvar\u0131&#8217;ndan Zafer Meydan\u0131&#8217;na kadar y\u00fcr\u00fcd\u00fc. KESK K\u00fctahya Temsilcisi Hilal G\u00f6kbel ve sendika temsilcileri birer konu\u015fma yapt\u0131.&nbsp;<\/p>\n\n\n\n<p><strong>AFYON&nbsp;<\/strong><\/p>\n\n\n\n<p>Afyon&#8217;da da Zafer Meydan\u0131\u2019nda kutlama yap\u0131ld\u0131. Farkl\u0131 noktalarda toplanan sendika \u00fcyeleri, pankart ve d\u00f6vizlerle kortejler olu\u015fturarak y\u00fcr\u00fcy\u00fc\u015f ger\u00e7ekle\u015ftirdi. Zafer Meydan\u0131\u2019nda d\u00fczenlenen kutlamaya konu\u015fma yapan E\u011fitim \u0130\u015f, Genel Sa\u011fl\u0131k-\u0130\u015f, E\u011fitim Sen temsilcileri emek\u00e7ilerin talepleri ve sosyal haklara dair beklentiler dile getirdi.&nbsp;<\/p>\n\n\n\n<p><strong>ESKI\u015eEHIR<\/strong><\/p>\n\n\n\n<p><strong>Eski\u015fehir<\/strong>\u2019de ise 1 May\u0131s kutlamalar\u0131n\u0131n adresi Cumhuriyet Meydan\u0131 oldu. Hatboyu Caddesi\u2019nden y\u00fcr\u00fcy\u00fc\u015fe ge\u00e7en kitle, ya\u011f\u0131\u015fl\u0131 havaya ra\u011fmen yo\u011fun kat\u0131l\u0131m g\u00f6sterdi. \u0130\u015f\u00e7iler, emek\u00e7iler ve \u00e7e\u015fitli siyasi parti ile sivil toplum \u00f6rg\u00fctleri sloganlarla alana y\u00fcr\u00fcd\u00fc.<\/p>\n\n\n\n<p>Kentteki mitingde ya\u015fam ko\u015fullar\u0131n\u0131n a\u011f\u0131rla\u015fmas\u0131, artan enflasyon ve emek\u00e7ilerin hak kay\u0131plar\u0131 \u00f6ne \u00e7\u0131kan ba\u015fl\u0131klar oldu. Ancak kortejlerin alana giri\u015finin ard\u0131ndan D\u0130SK\u2019e ba\u011fl\u0131 sendikalar\u0131n alan\u0131 terk etmesi dikkat \u00e7ekti. Buna ra\u011fmen miting, di\u011fer kurumlar\u0131n konu\u015fmalar\u0131yla devam etti.<\/p>\n\n\n\n<p>KOCAELI<\/p>\n\n\n\n<p>Kocaeli\u2019nde binler \u0130nsan Haklar\u0131 Park\u0131\u2019nda bulu\u015farak y\u00fcr\u00fcy\u00fc\u015f ger\u00e7ekle\u015ftirdi. Dilovas\u0131 Katliam\u0131 an\u0131l\u0131rken, ekoloji m\u00fccadeleleri ve i\u015f cinayetlerine kar\u015f\u0131 \u00f6fke alana yans\u0131d\u0131.<\/p>\n\n\n\n<p>ANTALYA<\/p>\n\n\n\n<p>Antalya\u2019da 7-8 bin ki\u015finin kat\u0131ld\u0131\u011f\u0131 mitingde emek\u00e7ilerin \u00e7al\u0131\u015fma ko\u015fullar\u0131 ve ekonomik talepleri \u00f6ne \u00e7\u0131karken, Deniz Gezmi\u015f, Yusuf Aslan ve H\u00fcseyin \u0130nan\u2019\u0131n foto\u011fraflar\u0131n\u0131n alana al\u0131nmamas\u0131 dikkat \u00e7ekti.<\/p>\n\n\n\n<p>MERSIN<\/p>\n\n\n\n<p>Mersin\u2019de kortejler y\u00fcr\u00fcy\u00fc\u015f\u00fcn ard\u0131ndan Cumhuriyet Meydan\u0131\u2019nda bulu\u015ftu. Ali \u0130smail Korkmaz ve \u0130layda Zorlu an\u0131larak adalet talepleri y\u00fckseltildi.<\/p>\n\n\n\n<p>SAMSUN<\/p>\n\n\n\n<p>Samsun\u2019da e\u011fitim emek\u00e7ilerinin yo\u011fun kat\u0131l\u0131m\u0131 dikkat \u00e7ekerken, okullardaki sorunlar ve e\u011fitim politikalar\u0131na y\u00f6nelik tepkiler \u00f6ne \u00e7\u0131kt\u0131.<\/p>\n\n\n\n<p>SINOP<\/p>\n\n\n\n<p>Sinop\u2019ta yo\u011fun ya\u011fmura ra\u011fmen y\u00fcr\u00fcy\u00fc\u015fler co\u015fkuyla ger\u00e7ekle\u015fti. Sava\u015f kar\u015f\u0131t\u0131 ve yoksulluk kar\u015f\u0131t\u0131 sloganlar \u00f6ne \u00e7\u0131karken etkinlikler konserlerle son buldu.<\/p>\n\n\n\n<p>ZONGULDAK<\/p>\n\n\n\n<p>Zonguldak\u2019ta Madenci An\u0131t\u0131\u2019na y\u00fcr\u00fcyen emek\u00e7iler, i\u015f\u00e7i haklar\u0131, emekli talepleri ve kad\u0131na y\u00f6nelik \u015fiddete kar\u015f\u0131 m\u00fccadele ba\u015fl\u0131klar\u0131n\u0131 \u00f6ne \u00e7\u0131kard\u0131.<\/p>\n\n\n\n<p>BALIKESIR<\/p>\n\n\n\n<p>Bal\u0131kesir hatt\u0131nda Edremit, Burhaniye ve Ayval\u0131k\u2019ta yap\u0131lan mitinglerde do\u011fa talan\u0131na kar\u015f\u0131 m\u00fccadele ve \u201cHer yer Taksim\u201d slogan\u0131 \u00f6ne \u00e7\u0131kt\u0131.<\/p>\n\n\n\n<p>SIVAS<\/p>\n\n\n\n<p>Sivas\u2019ta ger\u00e7ekle\u015fen mitinge \u00e7ok say\u0131da demokratik kitle \u00f6rg\u00fct\u00fc ve siyasi parti kat\u0131l\u0131rken, etkinlik m\u00fczik program\u0131yla sona erdi.<\/p>\n\n\n\n<p>L\u00dcLEBURGAZ<\/p>\n\n\n\n<p>L\u00fcleburgaz\u2019da ise paras\u0131z sa\u011fl\u0131k, paras\u0131z e\u011fitim ve halk i\u00e7in b\u00fct\u00e7e talepleri \u00f6ne \u00e7\u0131karken, Trakya\u2019da planlanan n\u00fckleer santral projesine kar\u015f\u0131 tepkiler y\u00fckseldi.<\/p>\n\n\n\n<p><strong>D\u00caRSIM<\/strong><\/p>\n\n\n\n<p>D\u00earsim\u2019de y\u00fczlerce ki\u015fi pankart ve sloganlarla y\u00fcr\u00fcyerek Sey\u00eed Riza Meydan\u0131\u2019nda bir araya gelirken, kad\u0131n eme\u011fi ve e\u015fitlik talepleri dile getirildi. D\u0130SK Genel \u0130\u015f D\u00earsim \u015eubesini y\u00f6neticisi Zuhal Akg\u00fcl, \u201cKar\u015f\u0131la\u015ft\u0131\u011f\u0131m\u0131z t\u00fcm ayr\u0131mc\u0131l\u0131k ve e\u015fitsizliklerle m\u00fccadelemizi birlikte b\u00fcy\u00fct\u00fcyoruz; \u00e7\u00fcnk\u00fc biliyoruz ki kad\u0131nlar birlikte g\u00fc\u00e7l\u00fc\u201d dedi.<\/p>\n\n\n\n<p><strong>XARP\u00caT<\/strong><\/p>\n\n\n\n<p>Xarp\u00eat\u2019te yap\u0131lan konu\u015fmalarda emek m\u00fccadelesi ile bar\u0131\u015f m\u00fccadelesinin birbirinden ayr\u0131lamayaca\u011f\u0131 vurguland\u0131. Hozat Garaj\u0131 \u00f6n\u00fcnde bir araya gelen \u00e7ok say\u0131da ki\u015fi, &#8220;Hak, hukuk, adalet&#8221;, &#8220;Bij\u00ee teko\u015f\u00eena karkeran&#8221; ve &#8220;Jin, jiyan, azad\u00ee&#8221; sloganlar\u0131 at\u0131ld\u0131.&nbsp;<\/p>\n\n\n\n<p><strong>\u00c7EWL\u00ceG<\/strong><\/p>\n\n\n\n<p>\u00c7ewl\u00eeg\u2019de KESK bile\u015fenleri ve Demokratik Kurumlar Platformu da Hac\u0131 H\u0131d\u0131r Cami&#8217;nden Kent Meydan\u0131\u2019na y\u00fcr\u00fcy\u00fc\u015f ger\u00e7ekle\u015ftirdi. DBP \u0130l E\u015fba\u015fkan\u0131 \u015eevket Kal\u0131ndamar, 1 May\u0131s\u2019\u0131n demokratik toplum aray\u0131\u015f\u0131n\u0131n birle\u015fti\u011fi bir zemin oldu\u011funu s\u00f6ylerken, DEM Parti Milletvekili \u00d6mer Faruk H\u00fclak\u00fc, insanca bir ya\u015fam\u0131 in\u015fa edene kadar i\u015f\u00e7ilerle birlikte m\u00fccadele edeceklerini vurgulad\u0131.&nbsp;<\/p>\n\n\n\n<p><strong>AGIR\u00ce<\/strong><\/p>\n\n\n\n<p>D\u0130SK \u00f6nc\u00fcl\u00fc\u011f\u00fcnde, &#8220;Emek, Bar\u0131\u015f, \u00d6zg\u00fcrl\u00fck, Adalet, E\u015fitlik ve Demokrasi&#8221; \u015fiar\u0131yla 1 May\u0131s kutlamas\u0131 yap\u0131ld\u0131. D\u0130SK binas\u0131 \u00f6n\u00fcnde bir araya gelen \u00e7ok say\u0131da ki\u015fi, Cumhuriyet Caddesi \u00fczerinden \u015eakiro Kent Meydan\u0131\u2019na kadar y\u00fcr\u00fcy\u00fc\u015f ger\u00e7ekle\u015ftirildi. Y\u00fcr\u00fcy\u00fc\u015fte s\u0131k s\u0131k &#8220;Bij\u00ee Yek \u00ea G\u00fblan&#8221;, &#8220;Sava\u015fa Hay\u0131r, Bar\u0131\u015f Hemen \u015eimdi&#8221; ve &#8220;Bij\u00ee berxwedana karkeran&#8221; sloganlar\u0131 at\u0131ld\u0131.<\/p>\n\n\n\n<p><strong>QERS<\/strong><\/p>\n\n\n\n<p>Qers\u2019te KESK \u00f6nc\u00fcl\u00fc\u011f\u00fcnde 1 May\u0131s Gar Meydan\u0131\u2019nda kutlan\u0131rken,&nbsp; i\u015f\u00e7i ve emek\u00e7iler T\u00fcrk Tabipleri Birli\u011fi (TTB) \u00f6n\u00fcnden Gar Meydan\u0131\u2019na y\u00fcr\u00fcd\u00fc.&nbsp; Miting yap\u0131lan konu\u015fmalar ard\u0131ndan \u00e7ekilen halaylar ve at\u0131lan sloganlarla son buldu.&nbsp;<\/p>\n\n\n\n<p><strong>M\u00db\u015e<\/strong><\/p>\n\n\n\n<p>M\u00fb\u015f\u2019ta Sevgi Evleri \u00f6n\u00fcnde bir araya gelen kitle, \u0130stasyon Tren Gar\u0131 meydan\u0131na kadar y\u00fcr\u00fcy\u00fc\u015f ger\u00e7ekle\u015ftirdi. Direni\u015f sloganlar\u0131n\u0131n at\u0131ld\u0131\u011f\u0131 y\u00fcr\u00fcy\u00fc\u015fte, D\u0130SK GENEL \u0130\u015e M\u00fb\u015f \u015eube Ba\u015fkan\u0131 Erol Yald\u0131z, emek\u00e7ilerin bu d\u00fczeni de\u011fi\u015ftirecek iradeye sahip olduklar\u0131n\u0131 s\u00f6yledi.<\/p>\n\n\n\n<p><strong>BEDL\u00ceS<\/strong><\/p>\n\n\n\n<p>Bedl\u00ees\u2019te KESK ve D\u0130SK \u00f6nc\u00fcl\u00fc\u011f\u00fcnde 1 May\u0131s \u0130\u015f\u00e7i Bayram\u0131, Tetwan (Tatvan) il\u00e7esinde yap\u0131lan y\u00fcr\u00fcy\u00fc\u015f ve mitingle kutland\u0131. \u0130\u015f\u00e7i ve emek\u00e7iler DEM Parti Tetwan \u0130l\u00e7e \u00d6rg\u00fct\u00fc \u00f6n\u00fcnde bir araya gelerek, erbaneler, z\u0131lg\u0131tlar ve sloganlarla Filistin Park\u0131\u2019na kadar y\u00fcr\u00fcd\u00fc.&nbsp;<\/p>\n\n\n\n<p><strong>COLEM\u00caRG<\/strong><\/p>\n\n\n\n<p>Colem\u00earg&#8217;te Emek ve Demokrasi Platformu \u00f6nc\u00fcl\u00fc\u011f\u00fcnde yap\u0131lan 1 May\u0131s y\u00fcr\u00fcy\u00fc\u015f\u00fc, Spor \u0130l M\u00fcd\u00fcrl\u00fc\u011f\u00fcnden kent merkezine kadar s\u00fcrd\u00fc. Davul ve zurna e\u015fli\u011finde y\u00fcr\u00fcyen kitle s\u0131k s\u0131k, &#8220;Bij\u00ee Yek Gulan&#8221; slogan\u0131 att\u0131. Eylemde, haks\u0131zl\u0131k ve hukuksuzlu\u011fa kar\u015f\u0131 her \u015fart ve ko\u015fulda m\u00fccadele edilece\u011fi vurguland\u0131.<\/p>\n\n\n\n<p><strong>GEVER<\/strong><\/p>\n\n\n\n<p>Colem\u00earg\u2019in Gever (Y\u00fcksekova) il\u00e7esinde yap\u0131lan y\u00fcr\u00fcy\u00fc\u015f\u00fcn ard\u0131ndan a\u00e7\u0131klama yap\u0131ld\u0131. E\u011fitim Sen Gever Temsilcisi Meryem Demirtepe emek, demokrasi ve \u00f6zg\u00fcrl\u00fck vurgusu yaparak, haklar\u0131n\u0131 alana dek direneceklerini kaydetti.&nbsp;<\/p>\n\n\n\n<p><strong>MERE\u015e<\/strong><\/p>\n\n\n\n<p>Mere\u015f\u2019in Nurhak il\u00e7esinde 1 May\u0131s, Emek ve Demokrasi Platformu taraf\u0131ndan d\u00fczenlenen etkinlikle kutland\u0131. E\u011fitim Sen, Hac\u0131 Bekta\u015f Veli Anadolu K\u00fclt\u00fcr Vakf\u0131, BES ve Nurhak \u00c7evre K\u00f6yleri Do\u011fal Hayat\u0131 Koruma ve K\u00fclt\u00fcr Derne\u011fi gibi kurumlar\u0131n olu\u015fturdu\u011fu platform \u00f6nc\u00fcl\u00fc\u011f\u00fcnde bir araya gelen kitle, taleplerini hayk\u0131rd\u0131.<\/p>\n\n\n\n<p><strong>\u00caLIH<\/strong><\/p>\n\n\n\n<p>\u00calih Emek ve Demokrasi Platformu\u2019nun \u00e7a\u011fr\u0131s\u0131yla 1 May\u0131s \u0130\u015f\u00e7i Bayram\u0131 dolay\u0131s\u0131yla y\u00fcr\u00fcy\u00fc\u015f d\u00fczenlendi. Bas\u0131n Kav\u015fa\u011f\u0131\u2019ndan ba\u015flay\u0131p Y\u0131lmaz G\u00fcney Park\u0131\u2019na kadar s\u00fcren&nbsp;y\u00fcr\u00fcy\u00fc\u015fe siyasi parti ve sivil toplum \u00f6rg\u00fct\u00fc temsilcilerinin yan\u0131 s\u0131ra DBP E\u015f Genel Ba\u015fkan\u0131 Keskin Bay\u0131nd\u0131r da kat\u0131ld\u0131.&nbsp;<\/p>\n\n\n\n<p>Burada konu\u015fan Bay\u0131nd\u0131r, Keskin Bay\u0131nd\u0131r,&nbsp;eme\u011fin hakk\u0131n\u0131n \u00f6zg\u00fcrl\u00fck ve bar\u0131\u015ftan daha \u00f6nemli olmad\u0131\u011f\u0131n\u0131 belirterek, &#8220;Biz biliyoruz ki Say\u0131n \u00d6calan, s\u00fcrecin \u00f6nc\u00fcl\u00fc\u011f\u00fcn\u00fc yap\u0131yor. Bu s\u00fcrece sahip \u00e7\u0131kanlar ise K\u00fcrdistan ve T\u00fcrkiye\u2019deki i\u015f\u00e7i ve emek\u00e7ilerdir\u201d dedi.&nbsp;Konu\u015fmalar\u0131n ard\u0131ndan kitle, kemen\u00e7e e\u015fli\u011finde halay \u00e7ekerek ve sloganlar atarak etkinli\u011fi sonland\u0131rd\u0131.<\/p>\n\n\n\n<p>Genel olarak 1 May\u0131s 2026, T\u00fcrkiye\u2019de emek\u00e7i s\u0131n\u0131flar\u0131n yaln\u0131zca ekonomik taleplerle de\u011fil; sava\u015f politikalar\u0131na, bask\u0131 rejimine ve do\u011fa talan\u0131na kar\u015f\u0131 da s\u00f6z\u00fcn\u00fc s\u00f6yledi\u011fi bir g\u00fcn oldu. \u00dclkenin d\u00f6rt bir yan\u0131nda y\u00fckselen ortak mesaj a\u00e7\u0131kt\u0131: Yoksullu\u011fa, s\u00f6m\u00fcr\u00fcye ve bask\u0131ya kar\u015f\u0131 m\u00fccadele b\u00fcy\u00fcyor.<\/p>\n","protected":false},"excerpt":{"rendered":"<p>1 May\u0131s 2026\u2019da T\u00fcrkiye\u2019nin d\u00f6rt bir yan\u0131nda&#46;&#46;&#46;<\/p>\n","protected":false},"author":3,"featured_media":9496,"comment_status":"closed","ping_status":"closed","sticky":false,"template":"","format":"standard","meta":{"footnotes":""},"categories":[5,29],"tags":[],"manset":[],"class_list":["post-9493","post","type-post","status-publish","format-standard","has-post-thumbnail","hentry","category-etkinlikler","category-manset"],"amp_enabled":true,"_links":{"self":[{"href":"https:\/\/kolektifmucadele1.org\/index.php\/wp-json\/wp\/v2\/posts\/9493","targetHints":{"allow":["GET"]}}],"collection":[{"href":"https:\/\/kolektifmucadele1.org\/index.php\/wp-json\/wp\/v2\/posts"}],"about":[{"href":"https:\/\/kolektifmucadele1.org\/index.php\/wp-json\/wp\/v2\/types\/post"}],"author":[{"embeddable":true,"href":"https:\/\/kolektifmucadele1.org\/index.php\/wp-json\/wp\/v2\/users\/3"}],"replies":[{"embeddable":true,"href":"https:\/\/kolektifmucadele1.org\/index.php\/wp-json\/wp\/v2\/comments?post=9493"}],"version-history":[{"count":1,"href":"https:\/\/kolektifmucadele1.org\/index.php\/wp-json\/wp\/v2\/posts\/9493\/revisions"}],"predecessor-version":[{"id":9495,"href":"https:\/\/kolektifmucadele1.org\/index.php\/wp-json\/wp\/v2\/posts\/9493\/revisions\/9495"}],"wp:featuredmedia":[{"embeddable":true,"href":"https:\/\/kolektifmucadele1.org\/index.php\/wp-json\/wp\/v2\/media\/9496"}],"wp:attachment":[{"href":"https:\/\/kolektifmucadele1.org\/index.php\/wp-json\/wp\/v2\/media?parent=9493"}],"wp:term":[{"taxonomy":"category","embeddable":true,"href":"https:\/\/kolektifmucadele1.org\/index.php\/wp-json\/wp\/v2\/categories?post=9493"},{"taxonomy":"post_tag","embeddable":true,"href":"https:\/\/kolektifmucadele1.org\/index.php\/wp-json\/wp\/v2\/tags?post=9493"},{"taxonomy":"manset","embeddable":true,"href":"https:\/\/kolektifmucadele1.org\/index.php\/wp-json\/wp\/v2\/manset?post=9493"}],"curies":[{"name":"wp","href":"https:\/\/api.w.org\/{rel}","templated":true}]}}