{"id":9497,"date":"2026-05-02T01:47:47","date_gmt":"2026-05-01T22:47:47","guid":{"rendered":"https:\/\/kolektifmucadele1.org\/?p=9497"},"modified":"2026-05-02T01:47:48","modified_gmt":"2026-05-01T22:47:48","slug":"isvicrede-1-mayis-emperyalist-savas-politikalarina-irkciliga-ve-somuru-duzenine-karsi-alanlardaydik","status":"publish","type":"post","link":"https:\/\/kolektifmucadele1.org\/index.php\/2026\/05\/02\/isvicrede-1-mayis-emperyalist-savas-politikalarina-irkciliga-ve-somuru-duzenine-karsi-alanlardaydik\/","title":{"rendered":"\u0130svi\u00e7re\u2019de 1 May\u0131s: Emperyalist Sava\u015f Politikalar\u0131na, \u0131rk\u00e7\u0131l\u0131\u011fa ve S\u00f6m\u00fcr\u00fc D\u00fczenine Kar\u015f\u0131 Alanlardayd\u0131k"},"content":{"rendered":"\n<p>\u0130svi\u00e7re\u2019de 1 May\u0131s, m\u00fccadele, birlik ve dayan\u0131\u015fma g\u00fcn\u00fc kapsam\u0131nda binlerce i\u015f\u00e7i ve emek\u00e7i, sava\u015f politikalar\u0131na, kapitalist s\u00f6m\u00fcr\u00fcye ve sosyal hak gasplar\u0131na kar\u015f\u0131 sokaklara \u00e7\u0131kt\u0131. \u00dclke genelinde d\u00fczenlenen yakla\u015f\u0131k 200 y\u00fcr\u00fcy\u00fc\u015f ve etkinlikte emek\u00e7iler, ortak s\u0131n\u0131fsal talepler etraf\u0131nda bir araya gelerek m\u00fccadele \u00e7a\u011fr\u0131s\u0131n\u0131 y\u00fckseltti. Kat\u0131l\u0131mc\u0131lar, \u0131rk\u00e7\u0131 SVP\u2019nin \u201cn\u00fcfusun s\u0131n\u0131rland\u0131r\u0131lmas\u0131\u201d ad\u0131 alt\u0131nda sundu\u011fu ve 14 Haziran\u2019da halk oylamas\u0131na g\u00f6t\u00fcr\u00fclecek gerici giri\u015fime kar\u015f\u0131 da g\u00fc\u00e7l\u00fc bir kar\u015f\u0131 duru\u015f sergiledi.<\/p>\n\n\n\n<p>G\u00f6sterilerde en temel ba\u015fl\u0131klar\u0131; \u00fccretlerin bask\u0131lanmas\u0131, derinle\u015fen konut krizi ve giderek artan silahlanma harcamalar\u0131 olu\u015fturdu. Z\u00fcrih\u2019te ger\u00e7ekle\u015ftirilen merkezi y\u00fcr\u00fcy\u00fc\u015fe yakla\u015f\u0131k 15 bin i\u015f\u00e7i ve emek\u00e7inin kat\u0131ld\u0131. Helvetiaplatz\u2019dan ba\u015flayan y\u00fcr\u00fcy\u00fc\u015f, kent merkezinden ge\u00e7erek Sechsel\u00e4utenplatz\u2019da sona erdi.<\/p>\n\n\n\n<p>Y\u00fcr\u00fcy\u00fc\u015fe yerli ve g\u00f6\u00e7men emek\u00e7i \u00f6rg\u00fctleri, sendikalar ve \u00e7e\u015fitli toplumsal kurumlar da geni\u015f kat\u0131l\u0131m sa\u011flad\u0131. Filistin\u2019den K\u00fcrdistan\u2019a, K\u00fcba\u2019dan farkl\u0131 devrimci \u00f6rg\u00fctlerin sembollerine kadar enternasyonal dayan\u0131\u015fmay\u0131 yans\u0131tan bir\u00e7ok bayrak ve slogan alanda yer ald\u0131. Yap\u0131lan a\u00e7\u0131klama ve konu\u015fmalarda i\u015f\u00e7i s\u0131n\u0131f\u0131n\u0131n birli\u011fi, enternasyonal dayan\u0131\u015fma ve sistematik s\u00f6m\u00fcr\u00fcye kar\u015f\u0131 ortak m\u00fccadele vurgusu \u00f6ne \u00e7\u0131kt\u0131.<\/p>\n\n\n\n<p>Ayr\u0131ca Kolektif M\u00fccadele Platformu da 1 May\u0131s alan\u0131nda yerini alarak etkinli\u011fe kat\u0131ld\u0131. Y\u00fcr\u00fcy\u00fc\u015f boyunca at\u0131lan sloganlarda \u201cMahir, H\u00fcseyin, Ula\u015f kurtulu\u015fa kadar sava\u015f\u201d, \u201cYa\u015fas\u0131n sava\u015fkan sosyalizm\u201d sloganlar\u0131 \u00f6ne \u00e7\u0131karken; emperyalist sava\u015flara, \u0131rk\u00e7\u0131l\u0131\u011fa, bask\u0131ya ve dayat\u0131lan yoksullu\u011fa kar\u015f\u0131 uluslararas\u0131 i\u015f\u00e7i s\u0131n\u0131f\u0131n\u0131n birlik, dayan\u0131\u015fma ve ortak m\u00fccadele \u00e7a\u011fr\u0131s\u0131 g\u00fc\u00e7l\u00fc bir \u015fekilde dile getirildi.<\/p>\n\n\n\n<figure class=\"wp-block-image size-large\"><img loading=\"lazy\" decoding=\"async\" width=\"1024\" height=\"981\" src=\"https:\/\/kolektifmucadele1.org\/wp-content\/uploads\/2026\/05\/IMG-20260501-WA0002-1024x981.jpg\" alt=\"\" class=\"wp-image-9499\"\/><\/figure>\n<\/p>","protected":false},"excerpt":{"rendered":"<p>\u0130svi\u00e7re\u2019de 1 May\u0131s, m\u00fccadele, birlik ve dayan\u0131\u015fma&#46;&#46;&#46;<\/p>\n","protected":false},"author":3,"featured_media":9498,"comment_status":"closed","ping_status":"closed","sticky":false,"template":"","format":"standard","meta":{"footnotes":""},"categories":[5,29],"tags":[],"manset":[],"class_list":["post-9497","post","type-post","status-publish","format-standard","has-post-thumbnail","hentry","category-etkinlikler","category-manset"],"amp_enabled":true,"_links":{"self":[{"href":"https:\/\/kolektifmucadele1.org\/index.php\/wp-json\/wp\/v2\/posts\/9497","targetHints":{"allow":["GET"]}}],"collection":[{"href":"https:\/\/kolektifmucadele1.org\/index.php\/wp-json\/wp\/v2\/posts"}],"about":[{"href":"https:\/\/kolektifmucadele1.org\/index.php\/wp-json\/wp\/v2\/types\/post"}],"author":[{"embeddable":true,"href":"https:\/\/kolektifmucadele1.org\/index.php\/wp-json\/wp\/v2\/users\/3"}],"replies":[{"embeddable":true,"href":"https:\/\/kolektifmucadele1.org\/index.php\/wp-json\/wp\/v2\/comments?post=9497"}],"version-history":[{"count":1,"href":"https:\/\/kolektifmucadele1.org\/index.php\/wp-json\/wp\/v2\/posts\/9497\/revisions"}],"predecessor-version":[{"id":9500,"href":"https:\/\/kolektifmucadele1.org\/index.php\/wp-json\/wp\/v2\/posts\/9497\/revisions\/9500"}],"wp:featuredmedia":[{"embeddable":true,"href":"https:\/\/kolektifmucadele1.org\/index.php\/wp-json\/wp\/v2\/media\/9498"}],"wp:attachment":[{"href":"https:\/\/kolektifmucadele1.org\/index.php\/wp-json\/wp\/v2\/media?parent=9497"}],"wp:term":[{"taxonomy":"category","embeddable":true,"href":"https:\/\/kolektifmucadele1.org\/index.php\/wp-json\/wp\/v2\/categories?post=9497"},{"taxonomy":"post_tag","embeddable":true,"href":"https:\/\/kolektifmucadele1.org\/index.php\/wp-json\/wp\/v2\/tags?post=9497"},{"taxonomy":"manset","embeddable":true,"href":"https:\/\/kolektifmucadele1.org\/index.php\/wp-json\/wp\/v2\/manset?post=9497"}],"curies":[{"name":"wp","href":"https:\/\/api.w.org\/{rel}","templated":true}]}}