{"id":9501,"date":"2026-05-02T09:32:22","date_gmt":"2026-05-02T06:32:22","guid":{"rendered":"https:\/\/kolektifmucadele1.org\/?p=9501"},"modified":"2026-05-02T09:32:22","modified_gmt":"2026-05-02T06:32:22","slug":"dunyada-1-mayis-kutlamalari-2","status":"publish","type":"post","link":"https:\/\/kolektifmucadele1.org\/index.php\/2026\/05\/02\/dunyada-1-mayis-kutlamalari-2\/","title":{"rendered":"D\u00fcnyada 1 May\u0131s Kutlamalar\u0131"},"content":{"rendered":"\n<p>1 May\u0131s Emek ve Dayan\u0131\u015fma G\u00fcn\u00fc, 2026 y\u0131l\u0131nda da d\u00fcnyan\u0131n d\u00f6rt bir yan\u0131nda kitlesel y\u00fcr\u00fcy\u00fc\u015fler, grevler ve eylemlerle kar\u015f\u0131land\u0131. \u0130\u015f\u00e7iler, memurlar, emekliler ve \u00f6\u011frenciler; artan hayat pahal\u0131l\u0131\u011f\u0131na, emperyalist sava\u015f politikalar\u0131na, fa\u015fizme, \u0131rk\u00e7\u0131l\u0131\u011fa, g\u00fcvencesiz \u00e7al\u0131\u015fma ko\u015fullar\u0131na ve sosyal hak gasplar\u0131na kar\u015f\u0131 sokaklara \u00e7\u0131karak taleplerini dile getirdi.<\/p>\n\n\n\n<p><strong>Yunanistan<\/strong>: Grev ve kitlesel y\u00fcr\u00fcy\u00fc\u015fler<\/p>\n\n\n\n<p>Yunanistan\u2019\u0131n ba\u015fkenti Atina\u2019da, M\u00fccadeleci \u0130\u015f\u00e7i Sendikas\u0131 Cephesi (PAME), Memur Sendikalar\u0131 Konfederasyonu (ADEDY) ve \u0130\u015f\u00e7i Sendikalar\u0131 Konfederasyonu\u2019nun (GSEE) \u00e7a\u011fr\u0131s\u0131yla binlerce ki\u015fi parlamento binas\u0131na y\u00fcr\u00fcd\u00fc. G\u00f6sterilerde Filistin\u2019e destek \u00f6ne \u00e7\u0131karken, \u201cFilistin\u2019e \u00f6zg\u00fcrl\u00fck\u201d sloganlar\u0131 at\u0131ld\u0131. \u00dclke genelinde 24 saatlik genel grev ilan edilirken Selanik ba\u015fta olmak \u00fczere bir\u00e7ok kentte de eylemler d\u00fczenlendi.<\/p>\n\n\n\n<p><strong>\u0130talya<\/strong>: Sendikalar meydanlarda<\/p>\n\n\n\n<p>\u0130talya\u2019n\u0131n Milano kentinde i\u015f\u00e7iler ve sendikal \u00f6rg\u00fctler 1 May\u0131s kapsam\u0131nda y\u00fcr\u00fcy\u00fc\u015f ger\u00e7ekle\u015ftirdi. CISL Genel Sekreteri Giovanni Abimelech ve \u00e7e\u015fitli yerel y\u00f6neticilerin de kat\u0131ld\u0131\u011f\u0131 eylemlerde emek\u00e7ilerin haklar\u0131 ve sosyal g\u00fcvence talepleri \u00f6ne \u00e7\u0131kt\u0131.<\/p>\n\n\n\n<p><strong>\u0130spanya<\/strong>: Madrid\u2019de kitlesel y\u00fcr\u00fcy\u00fc\u015f<\/p>\n\n\n\n<p>\u0130spanya\u2019n\u0131n ba\u015fkenti Madrid\u2019de binlerce ki\u015fi Gran Via\u2019dan ba\u015flayarak Plaza Espana\u2019ya y\u00fcr\u00fcd\u00fc. G\u00f6sterilerde ekonomik e\u015fitsizlikler ve i\u015f\u00e7i haklar\u0131 g\u00fcndeme ta\u015f\u0131nd\u0131.<\/p>\n\n\n\n<p><strong>Banglade\u015f<\/strong>: \u0130\u015f\u00e7iler sokakta<\/p>\n\n\n\n<p>Ba\u015fkent Dakka\u2019da d\u00fczenlenen y\u00fcr\u00fcy\u00fc\u015flerde i\u015f\u00e7iler, d\u00fc\u015f\u00fck \u00fccretler ve k\u00f6t\u00fc \u00e7al\u0131\u015fma ko\u015fullar\u0131na kar\u015f\u0131 taleplerini dile getirdi.<\/p>\n\n\n\n<p><strong>Endonezya<\/strong>: \u0130ki farkl\u0131 hat<\/p>\n\n\n\n<p>Endonezya\u2019n\u0131n ba\u015fkenti Cakarta\u2019da 1 May\u0131s iki farkl\u0131 \u00e7izgide kutland\u0131. Sendikalar ve sivil toplum \u00f6rg\u00fctleri parlamento \u00f6n\u00fcnde toplanarak h\u00fck\u00fcmeti ele\u015ftirirken, h\u00fck\u00fcmet destekli mitingde konu\u015fan Cumhurba\u015fkan\u0131 Prabowo Subianto, i\u015f\u00e7ilere \u201czenginlerden nefret etmeme\u201d \u00e7a\u011fr\u0131s\u0131 yapt\u0131. Muhalif i\u015f\u00e7i gruplar\u0131 ise militarizme ve bask\u0131lara son verilmesini talep etti.<\/p>\n\n\n\n<p><strong>G\u00fcney Kore<\/strong>: On binler meydanlarda<\/p>\n\n\n\n<p>Seul ba\u015fta olmak \u00fczere \u00fclke genelinde on binlerce i\u015f\u00e7i alanlara \u00e7\u0131kt\u0131. Kore Sendikalar Konfederasyonu\u2019nun \u00e7a\u011fr\u0131s\u0131yla d\u00fczenlenen eylemlerde ta\u015feron sistemine kar\u015f\u0131 g\u00fcvence ve temel i\u015f\u00e7ilik haklar\u0131 talep edildi.<\/p>\n\n\n\n<p><strong>Fransa<\/strong>: Silahlanmaya ve neoliberal politikalara tepki<\/p>\n\n\n\n<p>Fransa genelinde 160 binden fazla ki\u015fi sokaklara \u00e7\u0131kt\u0131. G\u00f6sterilerde h\u00fck\u00fcmetin politikalar\u0131, artan silahlanma harcamalar\u0131 ve sosyal haklardaki gerileme protesto edildi. \u201cEkmek, bar\u0131\u015f ve \u00f6zg\u00fcrl\u00fck\u201d slogan\u0131 \u00f6ne \u00e7\u0131kt\u0131.<\/p>\n\n\n\n<p>Almanya\u2019da 1 May\u0131s: Sosyal Adalet ve \u0130\u015f\u00e7i Haklar\u0131 Talepleri \u00d6ne \u00c7\u0131kt\u0131<\/p>\n\n\n\n<p><strong>Almanya<\/strong><\/p>\n\n\n\n<p>Almanya\u2019da 1 May\u0131s Emek ve Dayan\u0131\u015fma G\u00fcn\u00fc, \u00fclke genelinde d\u00fczenlenen mitingler, y\u00fcr\u00fcy\u00fc\u015fler ve \u00e7e\u015fitli etkinliklerle kutland\u0131. G\u00f6sterilerde artan sosyal e\u015fitsizlikler, \u00fccret talepleri ve sosyal devletin g\u00fc\u00e7lendirilmesi ba\u015fl\u0131ca g\u00fcndem maddeleri oldu.<\/p>\n\n\n\n<p>Hamburg:<\/p>\n\n\n\n<p>Hamburg\u2019da Alman Sendikalar Birli\u011fi (DGB) taraf\u0131ndan d\u00fczenlenen mitingde konu\u015fan DGB Hamburg Ba\u015fkan\u0131 Tanja Chawla, derinle\u015fen sosyal e\u015fitsizliklere dikkat \u00e7ekerek devletin piyasaya daha g\u00fc\u00e7l\u00fc m\u00fcdahale etmesi gerekti\u011fini vurgulad\u0131.<\/p>\n\n\n\n<p>Chawla, adil \u00fccretler, g\u00fc\u00e7l\u00fc toplu i\u015f s\u00f6zle\u015fmeleri, sa\u011flam bir sosyal devlet ve emek\u00e7iler i\u00e7in g\u00fcvenli bir gelecek taleplerini yineledi. Mitinge Hamburg Belediye Ba\u015fkan\u0131 Peter Tschentscher de kat\u0131ld\u0131.<\/p>\n\n\n\n<p>Kentte Harburg ve Bergedorf b\u00f6lgelerinde de ayr\u0131 etkinlikler d\u00fczenlenirken, g\u00fcn\u00fcn ilerleyen saatlerinde sol ve alternatif gruplar\u0131n \u00e7a\u011fr\u0131s\u0131yla farkl\u0131 y\u00fcr\u00fcy\u00fc\u015flerde de binlerce ki\u015finin soka\u011fa \u00e7\u0131kmas\u0131 beklendi.<\/p>\n\n\n\n<p>Hamburg\u2019daki kutlamalara T\u00fcrkiye k\u00f6kenli siyasi parti ve \u00f6rg\u00fctlerin yurt d\u0131\u015f\u0131 temsilcilikleri, Alevi dernekleri ve \u00e7ok say\u0131da g\u00f6\u00e7men \u00f6rg\u00fct\u00fc de kat\u0131larak etkinliklere uluslararas\u0131 bir renk katt\u0131.<\/p>\n\n\n\n<p>Berlin:<\/p>\n\n\n\n<p>Ba\u015fkent Berlin\u2019de ak\u015fam saatlerinde d\u00fczenlenen \u201cDevrimci 1 May\u0131s\u201d g\u00f6sterisine yakla\u015f\u0131k 20 bin ki\u015finin kat\u0131lmas\u0131 beklendi. Berlin polisi, b\u00fcy\u00fck \u00e7apl\u0131 olaylar \u00f6ng\u00f6rmediklerini a\u00e7\u0131klarken, s\u00f6zc\u00fc Florian Nath g\u00fcvenlik g\u00fc\u00e7lerinin t\u00fcm ihtimallere kar\u015f\u0131 haz\u0131rl\u0131kl\u0131 oldu\u011funu ifade etti.<\/p>\n\n\n\n<p>Yetkililer, y\u00fcz kapatman\u0131n yasak olmad\u0131\u011f\u0131n\u0131 ancak me\u015fale ve havai fi\u015fek gibi piroteknik maddelerin kullan\u0131m\u0131na izin verilmeyece\u011fini duyurdu.<\/p>\n\n\n\n<p>Berlin Emniyet M\u00fcd\u00fcr\u00fc Barbara Slowik Meisel ise son y\u0131llarda 1 May\u0131s g\u00f6sterilerinde \u015fiddet olaylar\u0131n\u0131n azald\u0131\u011f\u0131n\u0131 belirterek, etkinliklerin giderek daha bar\u0131\u015f\u00e7\u0131l bir atmosferde ger\u00e7ekle\u015fti\u011fini s\u00f6yledi.<\/p>\n\n\n\n<p>\u00d6te yandan Alman Sendikalar Birli\u011fi\u2019nin Saksonya eyaleti Ba\u015fkan\u0131 Daniela Kolbe, 1 May\u0131s\u2019\u0131n resmi tatil olmaktan \u00e7\u0131kar\u0131lmas\u0131 y\u00f6n\u00fcndeki \u00f6nerilere sert tepki g\u00f6sterdi. Kolbe, 1 May\u0131s\u2019\u0131n i\u015f\u00e7i s\u0131n\u0131f\u0131 m\u00fccadelesinin tarihsel bir simgesi oldu\u011funu vurgulayarak bu hakk\u0131n tart\u0131\u015fmaya a\u00e7\u0131lmas\u0131n\u0131n kabul edilemez oldu\u011funu ifade etti.<\/p>\n\n\n\n<p><strong>Filipinler<\/strong>: Polis m\u00fcdahalesi<\/p>\n\n\n\n<p>Ba\u015fkent Manila\u2019da on binlerce i\u015f\u00e7i hayat pahal\u0131l\u0131\u011f\u0131na ve g\u00fcvencesizli\u011fe kar\u015f\u0131 y\u00fcr\u00fcd\u00fc. ABD B\u00fcy\u00fckel\u00e7ili\u011fi\u2019ne y\u00fcr\u00fcmek isteyen gruplara polis m\u00fcdahale ederken, protestolarda k\u00fcresel sava\u015f politikalar\u0131na tepki g\u00f6sterildi.<\/p>\n\n\n\n<p><strong>K\u00fcba<\/strong>: Kitlesel ve uluslararas\u0131 kat\u0131l\u0131m<\/p>\n\n\n\n<p>K\u00fcba\u2019n\u0131n ba\u015fkenti Havana\u2019da y\u00fcz binlerce ki\u015finin kat\u0131ld\u0131\u011f\u0131 g\u00f6sterilerde enternasyonal dayan\u0131\u015fma vurgusu \u00f6ne \u00e7\u0131kt\u0131. Devlet Ba\u015fkan\u0131 Miguel Diaz-Canel, \u00fclkenin direni\u015fine dikkat \u00e7ekti.<\/p>\n\n\n\n<p>Genel tabloya bak\u0131ld\u0131\u011f\u0131nda, 1 May\u0131s 2026; d\u00fcnya genelinde i\u015f\u00e7i s\u0131n\u0131f\u0131n\u0131n ortak sorunlar\u0131n\u0131n ve taleplerinin \u00f6ne \u00e7\u0131kt\u0131\u011f\u0131, sava\u015f kar\u015f\u0131tl\u0131\u011f\u0131 ile ekonomik adalet taleplerinin birle\u015fti\u011fi kitlesel bir m\u00fccadele g\u00fcn\u00fc olarak \u00f6ne \u00e7\u0131kt\u0131.<\/p>\n\n\n\n<p><strong>ABD<\/strong><strong>:<\/strong><\/p>\n\n\n\n<p>ABD i\u015f\u00e7iler Trump&#8217;a kar\u015fi tepkilerini dile getirdi<br>ABD&#8217;de ise 1 May\u0131s, i\u015f\u00e7i haklar\u0131 ile g\u00f6\u00e7men haklar\u0131n\u0131n kesi\u015fim noktas\u0131nda yo\u011funla\u015ft\u0131. 1 May\u0131s&#8217;ta i\u015f\u00e7i ve emek\u00e7iler, Trump y\u00f6netiminin g\u00f6\u00e7men kar\u015f\u0131t\u0131 politikalar\u0131n\u0131 protesto ederken zenginlerin daha fazla vergi \u00f6demesi gerekti\u011fine dair \u00e7a\u011fr\u0131lar yapt\u0131. &#8220;\u0130\u015f\u00e7iler milyarderlerden \u00f6nce gelir&#8221; slogan\u0131 alt\u0131nda, bir\u00e7ok \u015fehirde grevler ve protestolar d\u00fczenlendi.<\/p>\n","protected":false},"excerpt":{"rendered":"<p>1 May\u0131s Emek ve Dayan\u0131\u015fma G\u00fcn\u00fc, 2026&#46;&#46;&#46;<\/p>\n","protected":false},"author":3,"featured_media":9502,"comment_status":"closed","ping_status":"closed","sticky":false,"template":"","format":"standard","meta":{"footnotes":""},"categories":[11,6,5,29],"tags":[],"manset":[],"class_list":["post-9501","post","type-post","status-publish","format-standard","has-post-thumbnail","hentry","category-dunya","category-emek","category-etkinlikler","category-manset"],"amp_enabled":true,"_links":{"self":[{"href":"https:\/\/kolektifmucadele1.org\/index.php\/wp-json\/wp\/v2\/posts\/9501","targetHints":{"allow":["GET"]}}],"collection":[{"href":"https:\/\/kolektifmucadele1.org\/index.php\/wp-json\/wp\/v2\/posts"}],"about":[{"href":"https:\/\/kolektifmucadele1.org\/index.php\/wp-json\/wp\/v2\/types\/post"}],"author":[{"embeddable":true,"href":"https:\/\/kolektifmucadele1.org\/index.php\/wp-json\/wp\/v2\/users\/3"}],"replies":[{"embeddable":true,"href":"https:\/\/kolektifmucadele1.org\/index.php\/wp-json\/wp\/v2\/comments?post=9501"}],"version-history":[{"count":1,"href":"https:\/\/kolektifmucadele1.org\/index.php\/wp-json\/wp\/v2\/posts\/9501\/revisions"}],"predecessor-version":[{"id":9503,"href":"https:\/\/kolektifmucadele1.org\/index.php\/wp-json\/wp\/v2\/posts\/9501\/revisions\/9503"}],"wp:featuredmedia":[{"embeddable":true,"href":"https:\/\/kolektifmucadele1.org\/index.php\/wp-json\/wp\/v2\/media\/9502"}],"wp:attachment":[{"href":"https:\/\/kolektifmucadele1.org\/index.php\/wp-json\/wp\/v2\/media?parent=9501"}],"wp:term":[{"taxonomy":"category","embeddable":true,"href":"https:\/\/kolektifmucadele1.org\/index.php\/wp-json\/wp\/v2\/categories?post=9501"},{"taxonomy":"post_tag","embeddable":true,"href":"https:\/\/kolektifmucadele1.org\/index.php\/wp-json\/wp\/v2\/tags?post=9501"},{"taxonomy":"manset","embeddable":true,"href":"https:\/\/kolektifmucadele1.org\/index.php\/wp-json\/wp\/v2\/manset?post=9501"}],"curies":[{"name":"wp","href":"https:\/\/api.w.org\/{rel}","templated":true}]}}