{"id":9505,"date":"2026-05-03T11:04:35","date_gmt":"2026-05-03T08:04:35","guid":{"rendered":"https:\/\/kolektifmucadele1.org\/?p=9505"},"modified":"2026-05-03T11:04:36","modified_gmt":"2026-05-03T08:04:36","slug":"cumartesi-anneleri-1101-haftada-mehmet-serif-avsar-icin-adalet-talebi","status":"publish","type":"post","link":"https:\/\/kolektifmucadele1.org\/index.php\/2026\/05\/03\/cumartesi-anneleri-1101-haftada-mehmet-serif-avsar-icin-adalet-talebi\/","title":{"rendered":"Cumartesi Anneleri 1101. Haftada: Mehmet \u015eerif Av\u015far \u0130\u00e7in Adalet Talebi"},"content":{"rendered":"\n<p>G\u00f6zalt\u0131nda kaybedilen ve katledilen yak\u0131nlar\u0131n\u0131n ak\u0131betini sormak ve faillerin yarg\u0131lanmas\u0131n\u0131 talep etmek i\u00e7in y\u0131llard\u0131r m\u00fccadele eden Cumartesi Anneleri, eylemlerinin 1101\u2019incisini \u0130stanbul Beyo\u011flu\u2019nda bulunan Galatasaray Meydan\u0131\u2019nda ger\u00e7ekle\u015ftirdi.<\/p>\n\n\n\n<p>Eyleme kay\u0131p yak\u0131nlar\u0131n\u0131n yan\u0131 s\u0131ra \u00e7ok say\u0131da insan haklar\u0131 savunucusu kat\u0131ld\u0131. Kat\u0131l\u0131mc\u0131lar, kaybedilenlerin foto\u011fraflar\u0131n\u0131 ta\u015f\u0131yarak ve karanfiller b\u0131rakarak adalet talebini yineledi.<\/p>\n\n\n\n<p>Bu haftaki eylemde, 22 Nisan 1994\u2019te Diyarbak\u0131r\u2019\u0131n Yeni\u015fehir il\u00e7esinde g\u00f6zalt\u0131na al\u0131nd\u0131ktan sonra katledilen Mehmet \u015eerif Av\u015far i\u00e7in adalet istendi. Cumartesi \u0130nsanlar\u0131 ad\u0131na bas\u0131n a\u00e7\u0131klamas\u0131n\u0131 Setenay Yar\u0131c\u0131 okudu. Yar\u0131c\u0131, 28 ya\u015f\u0131ndaki Av\u015far\u2019\u0131n ailesine ait i\u015f yerinden sivil giyimli ki\u015filer taraf\u0131ndan \u201cifadesi var\u201d denilerek g\u00f6t\u00fcr\u00fcld\u00fc\u011f\u00fcn\u00fc hat\u0131rlatt\u0131.<\/p>\n\n\n\n<p>Av\u015far\u2019\u0131n karde\u015flerinin kimlik sormas\u0131 \u00fczerine, ekipte yer alan ki\u015filerin J\u0130TEM\u2019de g\u00f6revli uzman \u00e7avu\u015f G\u00fcltekin S\u00fct\u00e7\u00fc\u2019y\u00fc \u00e7a\u011f\u0131rd\u0131\u011f\u0131n\u0131 belirten Yar\u0131c\u0131, S\u00fct\u00e7\u00fc\u2019n\u00fcn askeri kimlik g\u00f6stererek \u201c\u0130fadesini al\u0131p b\u0131rakaca\u011f\u0131z\u201d dedi\u011fini aktard\u0131. Ailenin itiraz\u0131na ra\u011fmen silah tehdidiyle kar\u015f\u0131 kar\u015f\u0131ya kald\u0131\u011f\u0131n\u0131 ifade eden Yar\u0131c\u0131, Mehmet \u015eerif Av\u015far\u2019\u0131n karde\u015flerine zarar gelmemesi i\u00e7in gitmek zorunda kald\u0131\u011f\u0131n\u0131 s\u00f6yledi. Tan\u0131klar\u0131n g\u00f6zleri \u00f6n\u00fcnde zorla araca bindirilen Av\u015far\u2019\u0131n, Diyarbak\u0131r\u2019da J\u0130TEM merkezi olarak bilinen Saraykap\u0131 Jandarma Komutanl\u0131\u011f\u0131\u2019na g\u00f6t\u00fcr\u00fcld\u00fc\u011f\u00fc belirtildi.<\/p>\n\n\n\n<p>Ailenin ayn\u0131 g\u00fcn askeri yetkililere ba\u015fvurarak Av\u015far\u2019\u0131n ak\u0131betini sordu\u011funu ancak \u201cG\u00f6zalt\u0131 yapm\u0131yoruz\u201d yan\u0131t\u0131n\u0131 ald\u0131\u011f\u0131n\u0131 aktaran Yar\u0131c\u0131, buna ra\u011fmen ailenin beklemeye devam etti\u011fini ve Av\u015far\u2019\u0131 g\u00f6t\u00fcren ki\u015fileri askeriyede g\u00f6rd\u00fcklerini ifade etti. T\u00fcm ba\u015fvurular\u0131n sonu\u00e7suz kald\u0131\u011f\u0131n\u0131 belirten Yar\u0131c\u0131, iki hafta sonra Av\u015far\u2019\u0131n a\u011f\u0131r i\u015fkence izleri ta\u015f\u0131yan cans\u0131z bedeninin Lice yolunda metruk bir binada bulundu\u011funu s\u00f6yledi.<\/p>\n\n\n\n<p>Mahkeme kararlar\u0131na g\u00f6re Av\u015far\u2019\u0131n resmi ara\u00e7la g\u00f6zalt\u0131na al\u0131nd\u0131\u011f\u0131n\u0131, sorguland\u0131\u011f\u0131n\u0131 ve \u00f6ld\u00fcr\u00fcld\u00fc\u011f\u00fcn\u00fc vurgulayan Yar\u0131c\u0131, yarg\u0131 s\u00fcrecinin olay\u0131n \u00f6rg\u00fctl\u00fc ve sistematik boyutunu ortaya koymakta yetersiz kald\u0131\u011f\u0131n\u0131 ifade etti.<\/p>\n\n\n\n<p>Yar\u0131c\u0131, davada baz\u0131 faillerin cezaland\u0131r\u0131ld\u0131\u011f\u0131n\u0131 ancak bunun adaletin sa\u011fland\u0131\u011f\u0131 anlam\u0131na gelmedi\u011fini belirtti. Avrupa \u0130nsan Haklar\u0131 Mahkemesi\u2019nin 10 Temmuz 2001 tarihli karar\u0131nda, y\u00fcr\u00fct\u00fclen soru\u015fturman\u0131n yetersiz bulundu\u011funu ve T\u00fcrkiye\u2019nin ya\u015fam hakk\u0131n\u0131 koruyamad\u0131\u011f\u0131 gerek\u00e7esiyle mahk\u00fbm edildi\u011fini hat\u0131rlatt\u0131.<\/p>\n\n\n\n<p>Aradan ge\u00e7en 32 y\u0131la ra\u011fmen adalet taleplerinin s\u00fcrd\u00fc\u011f\u00fcn\u00fc vurgulayan Yar\u0131c\u0131, \u201cDevletin sorumlulu\u011funu kabul etmesini ve hakikatin t\u00fcm a\u00e7\u0131kl\u0131\u011f\u0131yla ortaya \u00e7\u0131kar\u0131lmas\u0131n\u0131 istiyoruz\u201d dedi.<\/p>\n\n\n\n<p>A\u00e7\u0131klaman\u0131n ard\u0131ndan s\u00f6z alan Cumartesi Anneleri\u2019nden \u0130kbal Eren, 2 May\u0131s 1980\u2019de g\u00f6zalt\u0131na al\u0131nd\u0131ktan sonra kaybedilen a\u011fabeyi Hayrettin Eren\u2019in do\u011fum g\u00fcn\u00fc oldu\u011funu hat\u0131rlatt\u0131. Eren, \u201cBen 45 y\u0131ld\u0131r 26 ya\u015f\u0131ndaki Hayrettin Eren\u2019i ar\u0131yorum. Onu hep bu foto\u011fraftaki haliyle, gen\u00e7 ya\u015f\u0131nda hat\u0131rl\u0131yorum. A\u011fabeyim insanl\u0131k m\u00fccadelesi verirken kaybedildi. Biz de onun b\u0131rakt\u0131\u011f\u0131 yerden adalet ve hak m\u00fccadelesini s\u00fcrd\u00fcr\u00fcyoruz\u201d ifadelerini kulland\u0131.<\/p>\n\n\n\n<p>Cumartesi Anneleri, bir kez daha Galatasaray Meydan\u0131\u2019ndan seslenerek kay\u0131plar\u0131n ak\u0131betinin a\u00e7\u0131klanmas\u0131n\u0131, sorumlular\u0131n yarg\u0131lanmas\u0131n\u0131 ve cezas\u0131zl\u0131k politikas\u0131na son verilmesini talep etti.<\/p>\n","protected":false},"excerpt":{"rendered":"<p>G\u00f6zalt\u0131nda kaybedilen ve katledilen yak\u0131nlar\u0131n\u0131n ak\u0131betini sormak&#46;&#46;&#46;<\/p>\n","protected":false},"author":3,"featured_media":9506,"comment_status":"closed","ping_status":"closed","sticky":false,"template":"","format":"standard","meta":{"footnotes":""},"categories":[5,29],"tags":[],"manset":[],"class_list":["post-9505","post","type-post","status-publish","format-standard","has-post-thumbnail","hentry","category-etkinlikler","category-manset"],"amp_enabled":true,"_links":{"self":[{"href":"https:\/\/kolektifmucadele1.org\/index.php\/wp-json\/wp\/v2\/posts\/9505","targetHints":{"allow":["GET"]}}],"collection":[{"href":"https:\/\/kolektifmucadele1.org\/index.php\/wp-json\/wp\/v2\/posts"}],"about":[{"href":"https:\/\/kolektifmucadele1.org\/index.php\/wp-json\/wp\/v2\/types\/post"}],"author":[{"embeddable":true,"href":"https:\/\/kolektifmucadele1.org\/index.php\/wp-json\/wp\/v2\/users\/3"}],"replies":[{"embeddable":true,"href":"https:\/\/kolektifmucadele1.org\/index.php\/wp-json\/wp\/v2\/comments?post=9505"}],"version-history":[{"count":1,"href":"https:\/\/kolektifmucadele1.org\/index.php\/wp-json\/wp\/v2\/posts\/9505\/revisions"}],"predecessor-version":[{"id":9507,"href":"https:\/\/kolektifmucadele1.org\/index.php\/wp-json\/wp\/v2\/posts\/9505\/revisions\/9507"}],"wp:featuredmedia":[{"embeddable":true,"href":"https:\/\/kolektifmucadele1.org\/index.php\/wp-json\/wp\/v2\/media\/9506"}],"wp:attachment":[{"href":"https:\/\/kolektifmucadele1.org\/index.php\/wp-json\/wp\/v2\/media?parent=9505"}],"wp:term":[{"taxonomy":"category","embeddable":true,"href":"https:\/\/kolektifmucadele1.org\/index.php\/wp-json\/wp\/v2\/categories?post=9505"},{"taxonomy":"post_tag","embeddable":true,"href":"https:\/\/kolektifmucadele1.org\/index.php\/wp-json\/wp\/v2\/tags?post=9505"},{"taxonomy":"manset","embeddable":true,"href":"https:\/\/kolektifmucadele1.org\/index.php\/wp-json\/wp\/v2\/manset?post=9505"}],"curies":[{"name":"wp","href":"https:\/\/api.w.org\/{rel}","templated":true}]}}