{"id":984,"date":"2023-04-04T06:39:45","date_gmt":"2023-04-04T03:39:45","guid":{"rendered":"https:\/\/kolektifmucadele.org\/2023\/04\/04\/adanada-deprem\/"},"modified":"2023-04-04T06:39:45","modified_gmt":"2023-04-04T03:39:45","slug":"adanada-deprem","status":"publish","type":"post","link":"https:\/\/kolektifmucadele1.org\/index.php\/2023\/04\/04\/adanada-deprem\/","title":{"rendered":"ADANA&#8217;DA DEPREM"},"content":{"rendered":"\n<p>Adana&#8217;n\u0131n Saimbeyli il\u00e7esinde 4,3 b\u00fcy\u00fckl\u00fc\u011f\u00fcnde bir deprem meydana geldi.<\/p>\n\n\n\n<p>AFAD\u2019\u0131n internet sitesinde yer alan bilgiye g\u00f6re; Adana&#8217;n\u0131n Saimbeyli il\u00e7esinde 4,3 b\u00fcy\u00fckl\u00fc\u011f\u00fcnde bir deprem meydana geldi.<\/p>\n\n\n\n<p>Depremin derinli\u011fi 7 kilometre olarak kaydedildi.<\/p>\n","protected":false},"excerpt":{"rendered":"<p>Adana&#8217;n\u0131n Saimbeyli il\u00e7esinde 4,3 b\u00fcy\u00fckl\u00fc\u011f\u00fcnde bir deprem&#46;&#46;&#46;<\/p>\n","protected":false},"author":1,"featured_media":983,"comment_status":"closed","ping_status":"open","sticky":false,"template":"","format":"standard","meta":{"footnotes":""},"categories":[5],"tags":[],"manset":[],"class_list":["post-984","post","type-post","status-publish","format-standard","has-post-thumbnail","hentry","category-etkinlikler"],"amp_enabled":true,"_links":{"self":[{"href":"https:\/\/kolektifmucadele1.org\/index.php\/wp-json\/wp\/v2\/posts\/984","targetHints":{"allow":["GET"]}}],"collection":[{"href":"https:\/\/kolektifmucadele1.org\/index.php\/wp-json\/wp\/v2\/posts"}],"about":[{"href":"https:\/\/kolektifmucadele1.org\/index.php\/wp-json\/wp\/v2\/types\/post"}],"author":[{"embeddable":true,"href":"https:\/\/kolektifmucadele1.org\/index.php\/wp-json\/wp\/v2\/users\/1"}],"replies":[{"embeddable":true,"href":"https:\/\/kolektifmucadele1.org\/index.php\/wp-json\/wp\/v2\/comments?post=984"}],"version-history":[{"count":0,"href":"https:\/\/kolektifmucadele1.org\/index.php\/wp-json\/wp\/v2\/posts\/984\/revisions"}],"wp:featuredmedia":[{"embeddable":true,"href":"https:\/\/kolektifmucadele1.org\/index.php\/wp-json\/"}],"wp:attachment":[{"href":"https:\/\/kolektifmucadele1.org\/index.php\/wp-json\/wp\/v2\/media?parent=984"}],"wp:term":[{"taxonomy":"category","embeddable":true,"href":"https:\/\/kolektifmucadele1.org\/index.php\/wp-json\/wp\/v2\/categories?post=984"},{"taxonomy":"post_tag","embeddable":true,"href":"https:\/\/kolektifmucadele1.org\/index.php\/wp-json\/wp\/v2\/tags?post=984"},{"taxonomy":"manset","embeddable":true,"href":"https:\/\/kolektifmucadele1.org\/index.php\/wp-json\/wp\/v2\/manset?post=984"}],"curies":[{"name":"wp","href":"https:\/\/api.w.org\/{rel}","templated":true}]}}